{"id":4244,"date":"2020-09-12T11:00:00","date_gmt":"2020-09-12T14:00:00","guid":{"rendered":"http:\/\/comunicadas.com.ar\/?p=4244"},"modified":"2020-09-12T11:00:00","modified_gmt":"2020-09-12T14:00:00","slug":"esa-palabra-llamada-democracia","status":"publish","type":"post","link":"https:\/\/comunicadas.com.ar\/index.php\/2020\/09\/12\/esa-palabra-llamada-democracia\/","title":{"rendered":"Esa palabra llamada DEMOCRACIA"},"content":{"rendered":"\n<p>En una semana m\u00e1s que caldeada por el intento de sublevaci\u00f3n de la Polic\u00eda Bonaerense, <strong>tras escudarse en un reclamo salarial que durante el gobierno de Vidal no expresaron<\/strong>, nos agarramos nuevamente con fuerza de esa palabra que nos gu\u00eda d\u00eda a d\u00eda a enfrentar los distintos escenarios que nos remontan a esos tiempos oscuros de golpe de estado y dictadura militar, la palabra que nos sostiene es: <strong><em>DEMOCRACIA<\/em><\/strong>.<\/p>\n\n\n\n<p>La democracia que tenemos a\u00fan en nuestro pa\u00eds es muy joven, no llega a los 40 a\u00f1os. Todav\u00eda, la distancia temporal que existe entre la \u00faltima dictadura militar y nosotrxs es muy corta. Por eso, lo que pas\u00f3 en estos d\u00edas turbulosos nos tiene que llevar a ponernos el \u201cchip democr\u00e1tico\u201d que nos permita estar atentxs a esta forma de \u201creclamo\u201d y tambi\u00e9n, a las decisiones pol\u00edticas que se pongan en juego para resolver el conflicto, apelando a que las mismas no est\u00e9n basadas s\u00f3lo en lo econ\u00f3mico, sino que sean acompa\u00f1adas con la perspectiva de g\u00e9nero que el tiempo demanda.<\/p>\n\n\n\n<p>Sobre lo acontecido, <strong><em>Comunicadas.org<\/em><\/strong> charl\u00f3 con <strong>Natalia Reynoso, Subsecretaria de Derechos Humanos del Municipio de Tigre<\/strong>, qui\u00e9n analiz\u00f3 los hechos sucedidos en el conurbano:<em> \u201cEs claro que en \u00e9stos \u00faltimos a\u00f1os, luego del gobierno de Macri y Vidal en la Provincia de Buenos Aires, la mayor\u00eda de los sectores se han visto empobrecidos por no poder acceder a paritarias dignas que logren alcanzar el impacto que ha logrado la suba de precios desmedidos en elementos de primera necesidad y de los tarifazos en los servicios p\u00fablicos\u201d<\/em>. Agrega, adem\u00e1s: <em>\u201cTambi\u00e9n entendemos que producto de esta pandemia se han profundizado nuestros problemas econ\u00f3micos pero nos preguntamos, \u00bfc\u00f3mo es posible que d\u00edas atr\u00e1s se venga hablando en algunos medios con respecto a un golde de Estado (\u2026) poniendo en duda la democracia? Y hoy nos vemos en estos hechos que llenan de incertidumbre a la poblaci\u00f3n de Argentina, porque entendemos que la seguridad tiene que estar en la calle y que se pueda alcanzar una mejora salarial pero desde otras acciones\u201d.<\/em><\/p>\n\n\n\n<p>Para finalizar, la funcionaria tigrense reflexiona:<em> \u201cCreo que esto tiene que ser un punto de inflexi\u00f3n para pensar las fuerzas de seguridad, para repensar la participaci\u00f3n civil y de la comunidad en las fuerzas, para humanizar y repensar cu\u00e1l es el rol de esta en esta sociedad. Apoyamos a Alberto Fern\u00e1ndez, que viene avanzando en un camino de fortalecer esta democracia, escuchando a todos los sectores y cuidando a las argentinas y argentinos en este momento tan particular de la historia en una pandemia mundial\u201d.<\/em><\/p>\n","protected":false},"excerpt":{"rendered":"<p>En una semana m\u00e1s que caldeada por el intento de sublevaci\u00f3n de la Polic\u00eda Bonaerense, tras escudarse en un reclamo salarial que durante el gobierno de Vidal no expresaron, nos agarramos nuevamente con fuerza de esa palabra que nos gu\u00eda d\u00eda a d\u00eda a enfrentar los distintos escenarios que nos remontan a esos tiempos oscuros [&hellip;]<\/p>\n","protected":false},"author":1,"featured_media":4246,"comment_status":"open","ping_status":"open","sticky":false,"template":"","format":"standard","meta":{"inline_featured_image":false,"_monsterinsights_skip_tracking":false,"_monsterinsights_sitenote_active":false,"_monsterinsights_sitenote_note":"","_monsterinsights_sitenote_category":0,"lzb_camalote_bajada":"","lzb_camalote_fotogalerias_repeater":"","lzb_camalote_fotogalerias_desc":"","lzb_camalote_fotogalerias_autorxs":"%5B%5D","lzb_camalote_post_imagen_destacada":"","lzb_camalote_post_imagen_destacada_fotografx":"","lzb_camalote_post_imagen_destacada_fotografx_url":"","_jetpack_memberships_contains_paid_content":false,"footnotes":""},"categories":[19,1],"tags":[],"class_list":["post-4244","post","type-post","status-publish","format-standard","has-post-thumbnail","hentry","category-noticias","category-sin-categoria"],"aioseo_notices":[],"jetpack_featured_media_url":"https:\/\/comunicadas.com.ar\/wp-content\/uploads\/2020\/09\/foto-democracia-e1599865166113-1.jpg","jetpack_sharing_enabled":true,"jetpack_likes_enabled":true,"_links":{"self":[{"href":"https:\/\/comunicadas.com.ar\/index.php\/wp-json\/wp\/v2\/posts\/4244"}],"collection":[{"href":"https:\/\/comunicadas.com.ar\/index.php\/wp-json\/wp\/v2\/posts"}],"about":[{"href":"https:\/\/comunicadas.com.ar\/index.php\/wp-json\/wp\/v2\/types\/post"}],"author":[{"embeddable":true,"href":"https:\/\/comunicadas.com.ar\/index.php\/wp-json\/wp\/v2\/users\/1"}],"replies":[{"embeddable":true,"href":"https:\/\/comunicadas.com.ar\/index.php\/wp-json\/wp\/v2\/comments?post=4244"}],"version-history":[{"count":0,"href":"https:\/\/comunicadas.com.ar\/index.php\/wp-json\/wp\/v2\/posts\/4244\/revisions"}],"wp:featuredmedia":[{"embeddable":true,"href":"https:\/\/comunicadas.com.ar\/index.php\/wp-json\/wp\/v2\/media\/4246"}],"wp:attachment":[{"href":"https:\/\/comunicadas.com.ar\/index.php\/wp-json\/wp\/v2\/media?parent=4244"}],"wp:term":[{"taxonomy":"category","embeddable":true,"href":"https:\/\/comunicadas.com.ar\/index.php\/wp-json\/wp\/v2\/categories?post=4244"},{"taxonomy":"post_tag","embeddable":true,"href":"https:\/\/comunicadas.com.ar\/index.php\/wp-json\/wp\/v2\/tags?post=4244"}],"curies":[{"name":"wp","href":"https:\/\/api.w.org\/{rel}","templated":true}]}}