{"id":4212,"date":"2020-09-07T22:52:46","date_gmt":"2020-09-08T01:52:46","guid":{"rendered":"http:\/\/comunicadas.com.ar\/?p=4212"},"modified":"2020-09-07T22:52:46","modified_gmt":"2020-09-08T01:52:46","slug":"grave-un-concejal-de-tigre-denunciado-por-violencia-de-genero-vuelve-a-sesionar","status":"publish","type":"post","link":"https:\/\/comunicadas.com.ar\/index.php\/2020\/09\/07\/grave-un-concejal-de-tigre-denunciado-por-violencia-de-genero-vuelve-a-sesionar\/","title":{"rendered":"Grave: Un concejal de Tigre denunciado por violencia de g\u00e9nero vuelve a sesionar"},"content":{"rendered":"\n<p>Se trata de Mat\u00edas Casaretto, concejal del bloque Juntos por el Cambio. En marzo se viraliz\u00f3 un v\u00eddeo donde se lo ve en una discusi\u00f3n amenazando a su entonces pareja: \"Si quiero te mato\".<\/p>\n\n\n\n<p>Hace unas horas, se conoci\u00f3 que el concejal de Tigre de Juntos por el Cambio, Mat\u00edas Casaretto, denunciado en marzo pasado por violencia de g\u00e9nero, vuelve al Honorable Concejo Deliberante a sesionar como edil local. Adem\u00e1s, se conoci\u00f3 que ma\u00f1ana martes tendr\u00e1 la presidencia de la sesi\u00f3n con Segundo Cernadas, actual jefe de bloque de concejales por la oposici\u00f3n local.<\/p>\n\n\n\n<p><br>R\u00e1pidamente, organizaciones feministas y distintas concejalas del distrito, salieron a repudiar el hecho: \"No vamos a permitir que vuelva as\u00ed como as\u00ed! Ay\u00fadennos a alzar la voz contra la violencia en los concejos!\" expres\u00f3 en un mensaje, Micaela Ferraro, concejala por el FR Todos. Tambi\u00e9n, la mesa feminista de Tigre se expres\u00f3: \"No aceptamos que el concejal de Cambiemos Mat\u00edas Casaretto vuelva a una banca del Concejo Deliberante de Tigre, \u00a1ning\u00fan violento en el Concejo!\".<\/p>\n\n\n\n<figure class=\"wp-block-image size-large is-resized\"><img loading=\"lazy\" decoding=\"async\" src=\"http:\/\/comunicadas.com.ar\/wp-content\/uploads\/2020\/09\/whatsapp-image-2020-09-07-at-10.33.19-pm-1.jpeg?w=750\" alt=\"\" class=\"wp-image-4214\" width=\"437\" height=\"457\" srcset=\"https:\/\/comunicadas.com.ar\/wp-content\/uploads\/2020\/09\/whatsapp-image-2020-09-07-at-10.33.19-pm-1.jpeg 750w, https:\/\/comunicadas.com.ar\/wp-content\/uploads\/2020\/09\/whatsapp-image-2020-09-07-at-10.33.19-pm-1-287x300.jpeg 287w\" sizes=\"(max-width: 437px) 100vw, 437px\" \/><\/figure>\n","protected":false},"excerpt":{"rendered":"<p>Se trata de Mat\u00edas Casaretto, concejal del bloque Juntos por el Cambio. En marzo se viraliz\u00f3 un v\u00eddeo donde se lo ve en una discusi\u00f3n amenazando a su entonces pareja: \"Si quiero te mato\". Hace unas horas, se conoci\u00f3 que el concejal de Tigre de Juntos por el Cambio, Mat\u00edas Casaretto, denunciado en marzo pasado [&hellip;]<\/p>\n","protected":false},"author":1,"featured_media":4215,"comment_status":"open","ping_status":"open","sticky":false,"template":"","format":"standard","meta":{"inline_featured_image":false,"_monsterinsights_skip_tracking":false,"_monsterinsights_sitenote_active":false,"_monsterinsights_sitenote_note":"","_monsterinsights_sitenote_category":0,"lzb_camalote_bajada":"","lzb_camalote_fotogalerias_repeater":"","lzb_camalote_fotogalerias_desc":"","lzb_camalote_fotogalerias_autorxs":"%5B%5D","lzb_camalote_post_imagen_destacada":"","lzb_camalote_post_imagen_destacada_fotografx":"","lzb_camalote_post_imagen_destacada_fotografx_url":"","_jetpack_memberships_contains_paid_content":false,"footnotes":""},"categories":[1],"tags":[],"class_list":["post-4212","post","type-post","status-publish","format-standard","has-post-thumbnail","hentry","category-sin-categoria"],"aioseo_notices":[],"jetpack_featured_media_url":"https:\/\/comunicadas.com.ar\/wp-content\/uploads\/2020\/09\/casaretto-1.jpg","jetpack_sharing_enabled":true,"jetpack_likes_enabled":true,"_links":{"self":[{"href":"https:\/\/comunicadas.com.ar\/index.php\/wp-json\/wp\/v2\/posts\/4212"}],"collection":[{"href":"https:\/\/comunicadas.com.ar\/index.php\/wp-json\/wp\/v2\/posts"}],"about":[{"href":"https:\/\/comunicadas.com.ar\/index.php\/wp-json\/wp\/v2\/types\/post"}],"author":[{"embeddable":true,"href":"https:\/\/comunicadas.com.ar\/index.php\/wp-json\/wp\/v2\/users\/1"}],"replies":[{"embeddable":true,"href":"https:\/\/comunicadas.com.ar\/index.php\/wp-json\/wp\/v2\/comments?post=4212"}],"version-history":[{"count":0,"href":"https:\/\/comunicadas.com.ar\/index.php\/wp-json\/wp\/v2\/posts\/4212\/revisions"}],"wp:featuredmedia":[{"embeddable":true,"href":"https:\/\/comunicadas.com.ar\/index.php\/wp-json\/wp\/v2\/media\/4215"}],"wp:attachment":[{"href":"https:\/\/comunicadas.com.ar\/index.php\/wp-json\/wp\/v2\/media?parent=4212"}],"wp:term":[{"taxonomy":"category","embeddable":true,"href":"https:\/\/comunicadas.com.ar\/index.php\/wp-json\/wp\/v2\/categories?post=4212"},{"taxonomy":"post_tag","embeddable":true,"href":"https:\/\/comunicadas.com.ar\/index.php\/wp-json\/wp\/v2\/tags?post=4212"}],"curies":[{"name":"wp","href":"https:\/\/api.w.org\/{rel}","templated":true}]}}