{"id":4205,"date":"2020-09-06T16:30:57","date_gmt":"2020-09-06T19:30:57","guid":{"rendered":"http:\/\/comunicadas.com.ar\/?p=4205"},"modified":"2020-09-06T16:30:57","modified_gmt":"2020-09-06T19:30:57","slug":"las-mantenidas-sin-suenos-y-lo-que-podria-haber-sido","status":"publish","type":"post","link":"https:\/\/comunicadas.com.ar\/index.php\/2020\/09\/06\/las-mantenidas-sin-suenos-y-lo-que-podria-haber-sido\/","title":{"rendered":"Las mantenidas sin sue\u00f1os y lo que podr\u00eda haber sido"},"content":{"rendered":"\n<p>Es una de las pocas veces en esta secci\u00f3n que puedo decir con todas las letras que una pel\u00edcula o serie no me gust\u00f3. Pues bien, Las mantenidas sin sue\u00f1os no me gust\u00f3. La eleg\u00ed, en principio, porque, por la descripci\u00f3n, me pareci\u00f3 que podr\u00eda llegar a explorar la relaci\u00f3n madre-hija o los lazos entre mujeres o quiz\u00e1s el tema de la maternidad de una forma distinta o interesante. Pero no, a mi criterio, result\u00f3 ser otra pel\u00edcula argentina costumbrista m\u00e1s, de esas que abundan en nuestro cine nacional, con personajes extremadamente estereotipados y sobreactuaciones.<\/p>\n\n\n\n<p>La pel\u00edcula cuenta la historia de Florencia, una mujer drogadicta con una hija de 9 a\u00f1os, Eugenia. La historia gira en torno a la relaci\u00f3n de Florencia y Eugenia y, a su vez, la relaci\u00f3n entre Florencia y su propia madre. Este entramado familiar podr\u00eda haberse aprovechado much\u00edsimo m\u00e1s si los personajes no respondieran a estereotipos tan fuertes y las actuaciones no fuesen tan exageradas. Todas las mujeres que aparecen responden a un estereotipo bastante machirulo, y no de forma ir\u00f3nica o cr\u00edtica: la madre negligente y promiscua, la madre demandante y culposa, la loca y la cheta. La maternidad se muestra como ese v\u00ednculo inquebrantable y sagrado, que corre al padre de la ecuaci\u00f3n y de la responsabilidad. De hecho, a pesar de que el padre de Eugenia no se hizo cargo de la crianza de su hija, toda la culpa por el estado en el que vive la ni\u00f1a recae sobre Florencia. \u00c9l aparece como el salvador que viene a darle una vida mejor.<\/p>\n\n\n\n<p>A pesar de todo esto, Las mantenidas sin sue\u00f1os hace un intento por explorar los lazos entre mujeres. Los diferentes estereotipos de mujeres se terminan ayudando las unas a las otras para salir adelante y terminan encontrando una comunidad. Hacia el final de la pel\u00edcula, Florencia y Eugenia se dan cuenta de que no tienen que afrontar todo en soledad.<\/p>\n","protected":false},"excerpt":{"rendered":"<p>Es una de las pocas veces en esta secci\u00f3n que puedo decir con todas las letras que una pel\u00edcula o serie no me gust\u00f3. Pues bien, Las mantenidas sin sue\u00f1os no me gust\u00f3. La eleg\u00ed, en principio, porque, por la descripci\u00f3n, me pareci\u00f3 que podr\u00eda llegar a explorar la relaci\u00f3n madre-hija o los lazos entre [&hellip;]<\/p>\n","protected":false},"author":1,"featured_media":4208,"comment_status":"open","ping_status":"open","sticky":false,"template":"","format":"standard","meta":{"inline_featured_image":false,"_monsterinsights_skip_tracking":false,"_monsterinsights_sitenote_active":false,"_monsterinsights_sitenote_note":"","_monsterinsights_sitenote_category":0,"lzb_camalote_bajada":"","lzb_camalote_fotogalerias_repeater":"","lzb_camalote_fotogalerias_desc":"","lzb_camalote_fotogalerias_autorxs":"%5B%5D","lzb_camalote_post_imagen_destacada":"","lzb_camalote_post_imagen_destacada_fotografx":"","lzb_camalote_post_imagen_destacada_fotografx_url":"","_jetpack_memberships_contains_paid_content":false,"footnotes":""},"categories":[5,21],"tags":[],"class_list":["post-4205","post","type-post","status-publish","format-standard","has-post-thumbnail","hentry","category-cine-y-series","category-recomendacion"],"aioseo_notices":[],"jetpack_featured_media_url":"https:\/\/comunicadas.com.ar\/wp-content\/uploads\/2020\/09\/whatsapp-image-2020-09-05-at-12.15.00-1.jpeg","jetpack_sharing_enabled":true,"jetpack_likes_enabled":true,"_links":{"self":[{"href":"https:\/\/comunicadas.com.ar\/index.php\/wp-json\/wp\/v2\/posts\/4205"}],"collection":[{"href":"https:\/\/comunicadas.com.ar\/index.php\/wp-json\/wp\/v2\/posts"}],"about":[{"href":"https:\/\/comunicadas.com.ar\/index.php\/wp-json\/wp\/v2\/types\/post"}],"author":[{"embeddable":true,"href":"https:\/\/comunicadas.com.ar\/index.php\/wp-json\/wp\/v2\/users\/1"}],"replies":[{"embeddable":true,"href":"https:\/\/comunicadas.com.ar\/index.php\/wp-json\/wp\/v2\/comments?post=4205"}],"version-history":[{"count":0,"href":"https:\/\/comunicadas.com.ar\/index.php\/wp-json\/wp\/v2\/posts\/4205\/revisions"}],"wp:featuredmedia":[{"embeddable":true,"href":"https:\/\/comunicadas.com.ar\/index.php\/wp-json\/wp\/v2\/media\/4208"}],"wp:attachment":[{"href":"https:\/\/comunicadas.com.ar\/index.php\/wp-json\/wp\/v2\/media?parent=4205"}],"wp:term":[{"taxonomy":"category","embeddable":true,"href":"https:\/\/comunicadas.com.ar\/index.php\/wp-json\/wp\/v2\/categories?post=4205"},{"taxonomy":"post_tag","embeddable":true,"href":"https:\/\/comunicadas.com.ar\/index.php\/wp-json\/wp\/v2\/tags?post=4205"}],"curies":[{"name":"wp","href":"https:\/\/api.w.org\/{rel}","templated":true}]}}