{"id":4133,"date":"2020-09-03T20:44:46","date_gmt":"2020-09-03T23:44:46","guid":{"rendered":"http:\/\/comunicadas.com.ar\/?p=4133"},"modified":"2020-09-03T20:44:46","modified_gmt":"2020-09-03T23:44:46","slug":"la-justicia-argentina-fallo-a-favor-de-una-joven-trans-en-riesgo-pero-le-niegan-la-vivienda","status":"publish","type":"post","link":"https:\/\/comunicadas.com.ar\/index.php\/2020\/09\/03\/la-justicia-argentina-fallo-a-favor-de-una-joven-trans-en-riesgo-pero-le-niegan-la-vivienda\/","title":{"rendered":"La Justicia argentina fall\u00f3 a favor de una joven trans en riesgo, pero le niegan la vivienda"},"content":{"rendered":"\n<p><a href=\"https:\/\/agenciapresentes.org\/2020\/09\/02\/municipio-de-dolores-niega-vivienda-a-una-joven-trans-en-emergencia\/\"><em>Por Ver\u00f3nica Stewart<\/em>, Agencia Presentes <\/a><\/p>\n\n\n\n<p>El pasado 27 de agosto se cumpli\u00f3 un a\u00f1o desde que la Defensor\u00eda Oficial en lo Civil N\u00aa 1 del Departamento Judicial de Dolores, provincial de Buenos Aires, fall\u00f3 una acci\u00f3n de amparo a favor de la mujer trans Agustina Gonz\u00e1lez. La Justicia debe garantizar \u201cel otorgamiento de un alojamiento digno con condiciones edilicias adecuadas, en virtud de la grave situaci\u00f3n de vulnerabilidad, exclusi\u00f3n y discriminaci\u00f3n en la que se encontraba por entonces\u201d. Sin embargo, al d\u00eda de hoy, dicho derecho no ha sido garantizado, y Agustina contin\u00faa viviendo en condiciones precarias e indignas.<\/p>\n\n\n\n<p><strong>Actualmente, Agustina se encuentra internada con riesgo de infecci\u00f3n por falta de higiene y escaras. \u201cMe conformo solamente con que me arreglen mi casa donde yo vivo\u201d, dijo a Presentes. \u201cQue me revoquen un poco, tener el ba\u00f1o adentro. El techo gotea, y me fui enfermando con el tema de la humedad y con todas las enfermedades que tengo \u2013 principalmente, HIV, \u2013 me invalida a\u00fan m\u00e1s\u201d.<\/strong><\/p>\n\n\n\n<h4 class=\"wp-block-heading\"><strong>Una cadena de violencias y exclusi\u00f3n<\/strong><\/h4>\n\n\n\n<p>Agustina viv\u00eda en lo que Cecilia Coronel, integrante de Mujeres y Diversidades Dolorenses, describi\u00f3 a Presentes como \u201cuna situaci\u00f3n de marginalidad importante. Ha sufrido violencia de g\u00e9nero y abuso familiar, y ha tenido que vivir de casa en casa y ejercer la prostituci\u00f3n\u201d, agreg\u00f3. Vive en una construcci\u00f3n precaria, sin ba\u00f1o interno ni calefacci\u00f3n. El proceso judicial se extendi\u00f3 por varios meses pero cuando el juez dict\u00f3 sentencia definitiva el 10 de marzo, el amparo indicaba que la Municipalidad de Dolores deb\u00eda brindarle, en forma inmediata, \u201cun alojamiento digno y seguro en condiciones de habitabilidad por el plazo de un a\u00f1o mientras duren las condiciones de marginalidad y vulnerabilidad\u201d. Deb\u00eda proveerle, adem\u00e1s, una atenci\u00f3n a su salud interdisciplinaria, que incluyera tanto a una psic\u00f3loga como a una trabajadora social.<\/p>\n\n\n\n<h4 class=\"wp-block-heading\"><strong>\u201cDijeron que no se pueden comprobar las situaciones de violencia<\/strong>\u201c<\/h4>\n\n\n\n<p>Pero ante la sentencia favorable del fallo para Agustina, el Municipio apel\u00f3. En mayo del presente a\u00f1o, el Tribunal de la C\u00e1mara de Apelaci\u00f3n en lo Contencioso Administrativo de Mar del Plata ratific\u00f3 el fallo. Para entonces, hab\u00edan pasado varios meses y la situaci\u00f3n de salud de Agustina, y con ella la urgencia de su pedido, hab\u00eda cambiado. Tras una infecci\u00f3n en una muela, Agustina debi\u00f3 ser trasladada al Hospital San Juan de Dios en La Plata y, dado el contexto de Covid-19, el personal m\u00e9dico accedi\u00f3 a que continuara con su tratamiento desde su hogar.<\/p>\n\n\n\n<p>Por lo tanto, la falta de condiciones dignas de habitabilidad se volvi\u00f3 a\u00fan m\u00e1s apremiante. \u201cCuando se volvi\u00f3 a insistir, ahora con el fallo de la C\u00e1mara, el abogado llev\u00f3 la propuesta con un lugar amueblado\u201d, cont\u00f3 Coronel a Presentes.&nbsp;<strong>\u201cPrimero, dijeron que no se pueden comprobar las situaciones de violencia y de abuso que ha sufrido. Segundo, que cambi\u00f3 de pedido, que al principio hab\u00eda pedido un plan de vivienda y ahora estaba pidiendo un alquiler. Nosotras seguimos insistiendo, pero los medios de Dolores no cubrieron el caso\u201d,<\/strong>&nbsp;agreg\u00f3. El colectivo de Mujeres y Diversidades Dolorenses se encarg\u00f3 de buscar el departamento amueblado, pero todav\u00eda no hay respuesta ante la petici\u00f3n de la Defensor\u00eda del Pueblo para que el Estado municipal se lo otorgue.<\/p>\n\n\n\n<h4 class=\"wp-block-heading\"><strong>Emergencia habitacional<\/strong><\/h4>\n\n\n\n<p>Seg\u00fan el comunicado \u201c<a href=\"https:\/\/www.cels.org.ar\/web\/2020\/06\/los-derechos-humanos-de-la-poblacion-travesti-y-trans-en-aislamiento-obligatorio\/\">Los derechos humanos de la poblaci\u00f3n travesti y trans en aislamiento obligatorio<\/a>\u201d publicado por CELS el 19 de junio, la situaci\u00f3n habitacional para dicha poblaci\u00f3n es cr\u00edtica. De los 180 hoteles familiares declarados en la Ciudad de Buenos Aires, de los cuales muchos funcionan como vivienda, varios \u201cofrecen condiciones de habitabilidad precaria: ba\u00f1os sin desag\u00fces aptos, goteras en las habitaciones, cocinas comunes sin salubridad ni seguridad. Un departamento en alquiler para vivienda es mucho m\u00e1s barato, pero se vuelve inaccesibles por la exigencia de garant\u00edas o porque las inmobiliarias o les due\u00f1es rechazan el contrato a personas travestis y trans\u201d, contin\u00faa el informe.<\/p>\n\n\n\n<p>Como indica el art\u00edculo acad\u00e9mico \u201c<a href=\"https:\/\/publicacionescientificas.fadu.uba.ar\/index.php\/actas\/article\/view\/606\/857\">Visibilizar la vulnerabilidad. Comunidad trans en situaci\u00f3n de calle, relatos de trayectorias habitacionales y las respuestas institucionales<\/a>\u201d realizado por FADU, UBA, en 2016 el 33,1% de la muestra estudiada indic\u00f3 vivir en cuartos de alquiler de hoteles. El art\u00edculo tambi\u00e9n se\u00f1ala que \u201cen general una de cada tres personas trans vive en hogares pobres por ingreso\u201d, y que la expulsi\u00f3n temprana del hogar familiar, la necesidad de ingresar tempranamente al mundo laboral y, en general, tener que hacerlo de modo informal, y \u201cel no contar con las redes de apoyo de los v\u00ednculos de la familia de origen\u201d, son algunas posibles causas de este problema.<\/p>\n","protected":false},"excerpt":{"rendered":"<p>Por Ver\u00f3nica Stewart, Agencia Presentes El pasado 27 de agosto se cumpli\u00f3 un a\u00f1o desde que la Defensor\u00eda Oficial en lo Civil N\u00aa 1 del Departamento Judicial de Dolores, provincial de Buenos Aires, fall\u00f3 una acci\u00f3n de amparo a favor de la mujer trans Agustina Gonz\u00e1lez. La Justicia debe garantizar \u201cel otorgamiento de un alojamiento [&hellip;]<\/p>\n","protected":false},"author":1,"featured_media":4138,"comment_status":"open","ping_status":"open","sticky":false,"template":"","format":"standard","meta":{"inline_featured_image":false,"_monsterinsights_skip_tracking":false,"_monsterinsights_sitenote_active":false,"_monsterinsights_sitenote_note":"","_monsterinsights_sitenote_category":0,"lzb_camalote_bajada":"","lzb_camalote_fotogalerias_repeater":"","lzb_camalote_fotogalerias_desc":"","lzb_camalote_fotogalerias_autorxs":"%5B%5D","lzb_camalote_post_imagen_destacada":"","lzb_camalote_post_imagen_destacada_fotografx":"","lzb_camalote_post_imagen_destacada_fotografx_url":"","_jetpack_memberships_contains_paid_content":false,"footnotes":""},"categories":[1],"tags":[],"class_list":["post-4133","post","type-post","status-publish","format-standard","has-post-thumbnail","hentry","category-sin-categoria"],"aioseo_notices":[],"jetpack_featured_media_url":"https:\/\/comunicadas.com.ar\/wp-content\/uploads\/2020\/09\/unnamed-1-1.jpg","jetpack_sharing_enabled":true,"jetpack_likes_enabled":true,"_links":{"self":[{"href":"https:\/\/comunicadas.com.ar\/index.php\/wp-json\/wp\/v2\/posts\/4133"}],"collection":[{"href":"https:\/\/comunicadas.com.ar\/index.php\/wp-json\/wp\/v2\/posts"}],"about":[{"href":"https:\/\/comunicadas.com.ar\/index.php\/wp-json\/wp\/v2\/types\/post"}],"author":[{"embeddable":true,"href":"https:\/\/comunicadas.com.ar\/index.php\/wp-json\/wp\/v2\/users\/1"}],"replies":[{"embeddable":true,"href":"https:\/\/comunicadas.com.ar\/index.php\/wp-json\/wp\/v2\/comments?post=4133"}],"version-history":[{"count":0,"href":"https:\/\/comunicadas.com.ar\/index.php\/wp-json\/wp\/v2\/posts\/4133\/revisions"}],"wp:featuredmedia":[{"embeddable":true,"href":"https:\/\/comunicadas.com.ar\/index.php\/wp-json\/wp\/v2\/media\/4138"}],"wp:attachment":[{"href":"https:\/\/comunicadas.com.ar\/index.php\/wp-json\/wp\/v2\/media?parent=4133"}],"wp:term":[{"taxonomy":"category","embeddable":true,"href":"https:\/\/comunicadas.com.ar\/index.php\/wp-json\/wp\/v2\/categories?post=4133"},{"taxonomy":"post_tag","embeddable":true,"href":"https:\/\/comunicadas.com.ar\/index.php\/wp-json\/wp\/v2\/tags?post=4133"}],"curies":[{"name":"wp","href":"https:\/\/api.w.org\/{rel}","templated":true}]}}