{"id":3944,"date":"2020-07-26T16:04:55","date_gmt":"2020-07-26T19:04:55","guid":{"rendered":"http:\/\/comunicadas.com.ar\/?p=3944"},"modified":"2020-07-26T16:04:55","modified_gmt":"2020-07-26T19:04:55","slug":"eleitas-otra-forma-de-ejercer-el-poder","status":"publish","type":"post","link":"https:\/\/comunicadas.com.ar\/index.php\/2020\/07\/26\/eleitas-otra-forma-de-ejercer-el-poder\/","title":{"rendered":"\"Eleitas\", otra forma de ejercer el poder"},"content":{"rendered":"\n<p>La pol\u00edtica es el \u00e1mbito machista por excelencia, eso nadie lo puede negar. Un espacio dominado por hombres cis y blancos, que ofician de barrera a la hora de admitir mujeres y disidencias. De esto habla el documental producido por @quebrandootabu, \u201cEleitas\u201d.<\/p>\n\n\n\n<p>Son tres cap\u00edtulos de 15 minutos en los que se muestra claramente lo que es ser mujer o disidencia y participar en pol\u00edtica en Latinoam\u00e9rica. Las documentaristas recorren Brasil, Argentina, M\u00e9xico, Chile y Colombia recolectando testimonios de mujeres y disidencias en la pol\u00edtica. Mujeres y disidencias que nos cuentan c\u00f3mo fue llegar a d\u00f3nde est\u00e1n y lo que les cuesta sostenerse en sus cargos. Mujeres y disidencias que tambi\u00e9n nos instan a cambiar la forma de hacer pol\u00edtica en lugar de adaptarnos.<\/p>\n\n\n\n<p>\u201cEleitas\u201d nos deja con la reflexi\u00f3n de que la pol\u00edtica es un derecho que excede el derecho a elegir un representante de entre un grupo de hombres cis, la pol\u00edtica es el derecho a participar, el derecho a vernos realmente representades. Para lograr esto, nos dicen desde la pantalla, tenemos que cambiar la forma de ejercicio de poder, tenemos que ser nosotrxs quienes impongan un nuevo modelo. Desde las calles, s\u00ed, pero tambi\u00e9n desde las instituciones. Por eso necesitamos m\u00e1s mujeres y disidencias en la pol\u00edtica y, por sobre todas las cosas, en espacios de poder.<\/p>\n","protected":false},"excerpt":{"rendered":"<p>La pol\u00edtica es el \u00e1mbito machista por excelencia, eso nadie lo puede negar. Un espacio dominado por hombres cis y blancos, que ofician de barrera a la hora de admitir mujeres y disidencias. De esto habla el documental producido por @quebrandootabu, \u201cEleitas\u201d. Son tres cap\u00edtulos de 15 minutos en los que se muestra claramente lo [&hellip;]<\/p>\n","protected":false},"author":1,"featured_media":3946,"comment_status":"open","ping_status":"open","sticky":false,"template":"","format":"standard","meta":{"inline_featured_image":false,"_monsterinsights_skip_tracking":false,"_monsterinsights_sitenote_active":false,"_monsterinsights_sitenote_note":"","_monsterinsights_sitenote_category":0,"lzb_camalote_bajada":"","lzb_camalote_fotogalerias_repeater":"","lzb_camalote_fotogalerias_desc":"","lzb_camalote_fotogalerias_autorxs":"%5B%5D","lzb_camalote_post_imagen_destacada":"","lzb_camalote_post_imagen_destacada_fotografx":"","lzb_camalote_post_imagen_destacada_fotografx_url":"","_jetpack_memberships_contains_paid_content":false,"footnotes":""},"categories":[5,21],"tags":[],"class_list":["post-3944","post","type-post","status-publish","format-standard","has-post-thumbnail","hentry","category-cine-y-series","category-recomendacion"],"aioseo_notices":[],"jetpack_featured_media_url":"https:\/\/comunicadas.com.ar\/wp-content\/uploads\/2020\/07\/whatsapp-image-2020-07-25-at-13.08.50-1.jpeg","jetpack_sharing_enabled":true,"jetpack_likes_enabled":true,"_links":{"self":[{"href":"https:\/\/comunicadas.com.ar\/index.php\/wp-json\/wp\/v2\/posts\/3944"}],"collection":[{"href":"https:\/\/comunicadas.com.ar\/index.php\/wp-json\/wp\/v2\/posts"}],"about":[{"href":"https:\/\/comunicadas.com.ar\/index.php\/wp-json\/wp\/v2\/types\/post"}],"author":[{"embeddable":true,"href":"https:\/\/comunicadas.com.ar\/index.php\/wp-json\/wp\/v2\/users\/1"}],"replies":[{"embeddable":true,"href":"https:\/\/comunicadas.com.ar\/index.php\/wp-json\/wp\/v2\/comments?post=3944"}],"version-history":[{"count":0,"href":"https:\/\/comunicadas.com.ar\/index.php\/wp-json\/wp\/v2\/posts\/3944\/revisions"}],"wp:featuredmedia":[{"embeddable":true,"href":"https:\/\/comunicadas.com.ar\/index.php\/wp-json\/wp\/v2\/media\/3946"}],"wp:attachment":[{"href":"https:\/\/comunicadas.com.ar\/index.php\/wp-json\/wp\/v2\/media?parent=3944"}],"wp:term":[{"taxonomy":"category","embeddable":true,"href":"https:\/\/comunicadas.com.ar\/index.php\/wp-json\/wp\/v2\/categories?post=3944"},{"taxonomy":"post_tag","embeddable":true,"href":"https:\/\/comunicadas.com.ar\/index.php\/wp-json\/wp\/v2\/tags?post=3944"}],"curies":[{"name":"wp","href":"https:\/\/api.w.org\/{rel}","templated":true}]}}