{"id":3722,"date":"2020-05-29T10:00:36","date_gmt":"2020-05-29T13:00:36","guid":{"rendered":"http:\/\/comunicadas.com.ar\/?p=3722"},"modified":"2020-05-29T10:00:36","modified_gmt":"2020-05-29T13:00:36","slug":"la-distribucion-de-la-riqueza-es-en-si-mismo-una-accion-con-perspectiva-de-genero","status":"publish","type":"post","link":"https:\/\/comunicadas.com.ar\/index.php\/2020\/05\/29\/la-distribucion-de-la-riqueza-es-en-si-mismo-una-accion-con-perspectiva-de-genero\/","title":{"rendered":"\u201cLa distribuci\u00f3n de la riqueza es en s\u00ed mismo, una acci\u00f3n con perspectiva de g\u00e9nero\""},"content":{"rendered":"\n<p class=\"has-white-color has-vivid-purple-background-color has-text-color has-background\"><strong>As\u00ed lo afirm\u00f3 la concejala de San Mart\u00edn, Carolina Pedelacq, luego de presentar un proyecto en el Concejo Deliberante local para crear un fondo de ayuda sanitaria y alimentaria para barrios vulnerables.<\/strong><\/p>\n\n\n\n<p>La <strong>concejala del Frente de Todos Carolina Pedelacq,<\/strong> present\u00f3 un proyecto en el Concejo Deliberante de San Mart\u00edn para crear un fondo de ayuda sanitaria y alimentaria para barrios vulnerables.<\/p>\n\n\n\n<p>El proyecto propone cobrarles una tasa solidaria a bancos y cadenas de hipermercados de San Mart\u00edn para destinarlo a la red de asistencia alimentaria y sanitaria para los sectores m\u00e1s vulnerables del distrito.<\/p>\n\n\n\n<p>\u201c<em><strong>L<\/strong><\/em><strong>os bancos han tenido un crecimiento exponencial en sus ganancias durante los a\u00f1os del macr<em>ismo, y es momento que junto a otros sectores, hagan su aporte para salir adelante. Si lxs que nada tienen lo comparten todo, es hora que los que tienen todo, aporten algo\u201d<\/em><\/strong>, dijo la concejala.<\/p>\n\n\n\n<p><em>\u201cLa demanda de asistencia en relaci\u00f3n a violencia de g\u00e9nero tambi\u00e9n aument\u00f3, y lejos de mirar para un costado, estas mujeres se hacen cargo tambi\u00e9n de esa enorme tarea\u201d<\/em>, dijo Carolina qui\u00e9n adem\u00e1s es la responsable provincial del Frente de Mujeres del Movimiento Evita.<\/p>\n\n\n\n<p><em>\u201cCuestionar la distribuci\u00f3n de la riqueza es en s\u00ed mismo una medida con perspectiva de g\u00e9nero porque 90% de la asistencia social la realizan mujeres de nuestros barrios\u201d<\/em>, asegur\u00f3.<br><\/p>\n","protected":false},"excerpt":{"rendered":"<p>As\u00ed lo afirm\u00f3 la concejala de San Mart\u00edn, Carolina Pedelacq, luego de presentar un proyecto en el Concejo Deliberante local para crear un fondo de ayuda sanitaria y alimentaria para barrios vulnerables. La concejala del Frente de Todos Carolina Pedelacq, present\u00f3 un proyecto en el Concejo Deliberante de San Mart\u00edn para crear un fondo de [&hellip;]<\/p>\n","protected":false},"author":1,"featured_media":3723,"comment_status":"open","ping_status":"open","sticky":false,"template":"","format":"standard","meta":{"inline_featured_image":false,"_monsterinsights_skip_tracking":false,"_monsterinsights_sitenote_active":false,"_monsterinsights_sitenote_note":"","_monsterinsights_sitenote_category":0,"lzb_camalote_bajada":"","lzb_camalote_fotogalerias_repeater":"","lzb_camalote_fotogalerias_desc":"","lzb_camalote_fotogalerias_autorxs":"%5B%5D","lzb_camalote_post_imagen_destacada":"","lzb_camalote_post_imagen_destacada_fotografx":"","lzb_camalote_post_imagen_destacada_fotografx_url":"","_jetpack_memberships_contains_paid_content":false,"footnotes":""},"categories":[17,19],"tags":[],"class_list":["post-3722","post","type-post","status-publish","format-standard","has-post-thumbnail","hentry","category-mujeres-empoderadas","category-noticias"],"aioseo_notices":[],"jetpack_featured_media_url":"","jetpack_sharing_enabled":true,"jetpack_likes_enabled":true,"_links":{"self":[{"href":"https:\/\/comunicadas.com.ar\/index.php\/wp-json\/wp\/v2\/posts\/3722"}],"collection":[{"href":"https:\/\/comunicadas.com.ar\/index.php\/wp-json\/wp\/v2\/posts"}],"about":[{"href":"https:\/\/comunicadas.com.ar\/index.php\/wp-json\/wp\/v2\/types\/post"}],"author":[{"embeddable":true,"href":"https:\/\/comunicadas.com.ar\/index.php\/wp-json\/wp\/v2\/users\/1"}],"replies":[{"embeddable":true,"href":"https:\/\/comunicadas.com.ar\/index.php\/wp-json\/wp\/v2\/comments?post=3722"}],"version-history":[{"count":0,"href":"https:\/\/comunicadas.com.ar\/index.php\/wp-json\/wp\/v2\/posts\/3722\/revisions"}],"wp:featuredmedia":[{"embeddable":true,"href":"https:\/\/comunicadas.com.ar\/index.php\/wp-json\/"}],"wp:attachment":[{"href":"https:\/\/comunicadas.com.ar\/index.php\/wp-json\/wp\/v2\/media?parent=3722"}],"wp:term":[{"taxonomy":"category","embeddable":true,"href":"https:\/\/comunicadas.com.ar\/index.php\/wp-json\/wp\/v2\/categories?post=3722"},{"taxonomy":"post_tag","embeddable":true,"href":"https:\/\/comunicadas.com.ar\/index.php\/wp-json\/wp\/v2\/tags?post=3722"}],"curies":[{"name":"wp","href":"https:\/\/api.w.org\/{rel}","templated":true}]}}