{"id":3690,"date":"2020-05-12T19:47:07","date_gmt":"2020-05-12T22:47:07","guid":{"rendered":"http:\/\/comunicadas.com.ar\/?p=3690"},"modified":"2020-05-12T19:47:07","modified_gmt":"2020-05-12T22:47:07","slug":"percibir-nuestro-gordo-odio-para-dejar-de-ser-gordo-odiantes","status":"publish","type":"post","link":"https:\/\/comunicadas.com.ar\/index.php\/2020\/05\/12\/percibir-nuestro-gordo-odio-para-dejar-de-ser-gordo-odiantes\/","title":{"rendered":"Percibir nuestro gordo-odio para dejar de ser gordo-odiantes"},"content":{"rendered":"\n<p>Durante estos meses de cuarentena, aparecieron cientos de memes y comentarios gordo-odiantes en las redes. Personas preocupadas por subir de peso al no poder salir a hacer ejercicio f\u00edsico o porque ahora que tienen menos cosas que hacer y comen m\u00e1s. Personas haciendo chistes de que cuando termine la cuarentena \u201cno van a pasar por la puerta\u201d o van a \u201crodar\u201d. Parecer\u00eda que a la gente le preocupa m\u00e1s subir de peso que contagiarse coronavirus. Mejor dicho, pareciera que \u201cnos\u201d preocupa m\u00e1s. Es hora de que aceptemos que somos una sociedad gordo-odiante y que la discriminaci\u00f3n no es solo lo que se ve, el insulto directo, el chiste de mal gusto. La discriminaci\u00f3n pasiva existe en la vida diaria, en gestos que no percibimos, en preocupaciones rid\u00edculas, en c\u00f3mo tratamos a las personas gordas.<\/p>\n\n\n\n<p>Y es que los est\u00e1ndares de belleza nos afectan y nos definen. Definen la percepci\u00f3n que tenemos de nuestros propios cuerpos y c\u00f3mo percibimos los cuerpos de otres. Llegamos al punto de confundir ese est\u00e1ndar con salud y con deseo. Nos autoconvencemos de que sufrir porque nuestro cuerpo no es tan delgado como \u201cdeber\u00eda\u201d es bueno porque as\u00ed nos estamos \u201ccuidando\u201d. Nos convencemos de que odiar nuestro cuerpo es quererlo. Nos convencemos de que los \u00fanicos cuerpos que podemos desear son los que responden a esa imagen inalcanzable. Lxs gordxs son indeseables, incogibles, no pueden sentir ni dar placer. Si nos atrae un cuerpo gordo, es un fetiche, nos averg\u00fcenza. Si nuestro cuerpo es gordo (o se aleja m\u00ednimamente del ideal), reprimimos nuestro propio erotismo, anulamos nuestro deseo.<\/p>\n\n\n\n<p>Si somos un poco m\u00e1s progres y estamos m\u00e1s cerca de la belleza hegem\u00f3nica, celebramos los cuerpos gordos y defendemos a las personas gordas de la violencia casi virulenta con la que a veces les tratan. Aplaudimos cada vez que unx activistx gordx sube una foto mostrando su cuerpo y la palabra que siempre nos surge es \u201cvaliente\u201d. Qu\u00e9 valiente que sos, qu\u00e9 hermosx que sos. Lxs se\u00f1alamos por mostrarse tal cual son, naturalizamos que ese cuerpo no es \u201cnormal\u201d, que la normalidad es otra. Lxs fetichizamos, lxs tratamos de una manera totalmente condescendiente. Mientras tanto, cuando engordamos un kilo nos preocupamos, hacemos dietas, ejercicios, le comentamos a nuestrxs amigues \u201cestoy hechx un chancho\u201d, \u201ctengo que largar los postres\u201d. Limitamos nuestros v\u00ednculos sexo-afectivos a personas como nosotrxs, porque lxs gordxs no nos calientan.<\/p>\n\n\n\n<p>Obviamente, nadie puede decirle a otre qu\u00e9 hacer con su cuerpo o con qui\u00e9n vincularse sexoafectivamente, pero deber\u00edamos ser capaces de percibir que no son solo nuestras palabras las que definen nuestro gordo-odio. Deber\u00edamos ser capaces de percibir que ser gordo-odiante tambi\u00e9n es percibir nuestra propia \u201cgordura\u201d como indeseable, que ser gordo-odiante tambi\u00e9n es ser condescendientes con las personas gordas, tambi\u00e9n es no desear personas por su tipo de cuerpo. Empezar a darnos cuenta de nuestras actitudes casi involuntarias para con los cuerpos de otres y para con nuestros propios cuerpos es el primer paso para aceptar la variedad de cuerpos. Aceptar la variedad de cuerpos es el primer paso para romper con lo impuesto.<\/p>\n","protected":false},"excerpt":{"rendered":"<p>Durante estos meses de cuarentena, aparecieron cientos de memes y comentarios gordo-odiantes en las redes. Personas preocupadas por subir de peso al no poder salir a hacer ejercicio f\u00edsico o porque ahora que tienen menos cosas que hacer y comen m\u00e1s. Personas haciendo chistes de que cuando termine la cuarentena \u201cno van a pasar por [&hellip;]<\/p>\n","protected":false},"author":1,"featured_media":3692,"comment_status":"open","ping_status":"open","sticky":false,"template":"","format":"standard","meta":{"inline_featured_image":false,"_monsterinsights_skip_tracking":false,"_monsterinsights_sitenote_active":false,"_monsterinsights_sitenote_note":"","_monsterinsights_sitenote_category":0,"lzb_camalote_bajada":"","lzb_camalote_fotogalerias_repeater":"","lzb_camalote_fotogalerias_desc":"","lzb_camalote_fotogalerias_autorxs":"%5B%5D","lzb_camalote_post_imagen_destacada":"","lzb_camalote_post_imagen_destacada_fotografx":"","lzb_camalote_post_imagen_destacada_fotografx_url":"","_jetpack_memberships_contains_paid_content":false,"footnotes":""},"categories":[20,1],"tags":[],"class_list":["post-3690","post","type-post","status-publish","format-standard","has-post-thumbnail","hentry","category-opinion","category-sin-categoria"],"aioseo_notices":[],"jetpack_featured_media_url":"https:\/\/comunicadas.com.ar\/wp-content\/uploads\/2020\/05\/whatsapp-image-2020-05-12-at-18.47.40-1.jpeg","jetpack_sharing_enabled":true,"jetpack_likes_enabled":true,"_links":{"self":[{"href":"https:\/\/comunicadas.com.ar\/index.php\/wp-json\/wp\/v2\/posts\/3690"}],"collection":[{"href":"https:\/\/comunicadas.com.ar\/index.php\/wp-json\/wp\/v2\/posts"}],"about":[{"href":"https:\/\/comunicadas.com.ar\/index.php\/wp-json\/wp\/v2\/types\/post"}],"author":[{"embeddable":true,"href":"https:\/\/comunicadas.com.ar\/index.php\/wp-json\/wp\/v2\/users\/1"}],"replies":[{"embeddable":true,"href":"https:\/\/comunicadas.com.ar\/index.php\/wp-json\/wp\/v2\/comments?post=3690"}],"version-history":[{"count":0,"href":"https:\/\/comunicadas.com.ar\/index.php\/wp-json\/wp\/v2\/posts\/3690\/revisions"}],"wp:featuredmedia":[{"embeddable":true,"href":"https:\/\/comunicadas.com.ar\/index.php\/wp-json\/wp\/v2\/media\/3692"}],"wp:attachment":[{"href":"https:\/\/comunicadas.com.ar\/index.php\/wp-json\/wp\/v2\/media?parent=3690"}],"wp:term":[{"taxonomy":"category","embeddable":true,"href":"https:\/\/comunicadas.com.ar\/index.php\/wp-json\/wp\/v2\/categories?post=3690"},{"taxonomy":"post_tag","embeddable":true,"href":"https:\/\/comunicadas.com.ar\/index.php\/wp-json\/wp\/v2\/tags?post=3690"}],"curies":[{"name":"wp","href":"https:\/\/api.w.org\/{rel}","templated":true}]}}