{"id":3570,"date":"2020-03-12T10:56:54","date_gmt":"2020-03-12T13:56:54","guid":{"rendered":"http:\/\/comunicadas.com.ar\/?p=3570"},"modified":"2020-03-12T10:56:54","modified_gmt":"2020-03-12T13:56:54","slug":"funcionarios-y-funcionarias-de-tigre-recibieron-una-capacitacion-en-genero-por-la-ley-micaela","status":"publish","type":"post","link":"https:\/\/comunicadas.com.ar\/index.php\/2020\/03\/12\/funcionarios-y-funcionarias-de-tigre-recibieron-una-capacitacion-en-genero-por-la-ley-micaela\/","title":{"rendered":"Funcionarios y funcionarias de Tigre recibieron una capacitaci\u00f3n en g\u00e9nero por la Ley Micaela"},"content":{"rendered":"\n<p class=\"has-text-color has-background has-very-light-gray-color has-vivid-purple-background-color\"><strong><em>Brindada por la ministra de las Mujeres, Pol\u00edticas de G\u00e9nero y Diversidad Sexual bonaerense, Estela D\u00edaz y por el director de Formaci\u00f3n y Capacitaci\u00f3n del Ministerio, N\u00e9stor \u201cYuyo\u201d Garc\u00eda. <\/em>Adem\u00e1s, el intendente Zamora anunci\u00f3 la adhesi\u00f3n del Municipio a la Ley Provincial N\u00b0 14.893, de \u201cLicencia para Mujeres V\u00edctimas de Violencia\u201d.<\/strong><\/p>\n\n\n\n<p>En el marco de la Ley Micaela, funcionarios y funcionarias del Municipio de Tigre recibieron una capacitaci\u00f3n en g\u00e9nero y en temas de violencia contra las mujeres. El intendente Julio Zamora asisti\u00f3 a la charla de sensibilizaci\u00f3n a cargo de la ministra de las Mujeres, Pol\u00edticas de G\u00e9nero y Diversidad Sexual bonaerense, Estela D\u00edaz y el director de Formaci\u00f3n y Capacitaci\u00f3n del Ministerio, N\u00e9stor \u201cYuyo\u201d Garc\u00eda, padre de Micaela. En febrero de este a\u00f1o, el jefe comunal firm\u00f3 un proyecto de decreto por el cual el Municipio adhiere a la Ley 27499 -Ley Micaela-.<\/p>\n\n\n\n<p>La ministra D\u00edaz expres\u00f3: <em>\u201cEs un gusto para nosotros compartir esta inauguraci\u00f3n en la formaci\u00f3n de la Ley Micaela. Tigre es uno de los primeros municipios bonaerenses en implementarla, y es motivo de orgullo. En materia de g\u00e9nero necesitamos, no s\u00f3lo que la perspectiva sea transversal, sino tambi\u00e9n mirarla integralmente, con pol\u00edticas de promoci\u00f3n de la igualdad. Por eso es necesario trabajar Municipio, Provincia y Naci\u00f3n articuladamente, con un Estado activo e inteligente\u201d.<\/em><\/p>\n\n\n\n<p><em>\"Hoy dimos un paso muy importante. La presencia de Estela y Yuyo nos llena de conocimiento para poder transitar el camino que tenemos por delante, y la obligaci\u00f3n de luchar por una sociedad mejor, igualitaria, sin violencia de g\u00e9nero. Debemos seguir cada d\u00eda; no se trata de una simple capacitaci\u00f3n, sino que debemos sensibilizar a todos los empleados municipales\u201d<\/em>, se\u00f1al\u00f3 Julio Zamora, intendente del distrito, qui\u00e9n adem\u00e1s anunci\u00f3 <strong>la adhesi\u00f3n del Municipio a la Ley Provincial N\u00b0 14.893, de \u201cLicencia para Mujeres V\u00edctimas de Violencia\u201d, destinada a todas las trabajadoras p\u00fablicas del distrito.<\/strong><\/p>\n\n\n\n<p>N\u00e9stor \u201cYuyo\u201d Garc\u00eda, padre de Micaela, e impulsor de la ley, manifest\u00f3: <em>\u201cEste proyecto busca que los empleados estatales tomen decisiones con perspectiva de g\u00e9nero, empatizando con lo que le sucede a las mujeres y a la comunidad LGBT en la actualidad. Es la funci\u00f3n que el Estado deber\u00eda tener. Pero tambi\u00e9n es necesario que cada \u00e1rea de gobierno sepa c\u00f3mo interceder en cada caso y c\u00f3mo atender las distintas demandas sociales\u201d.<\/em><\/p>\n\n\n\n<p><\/p>\n","protected":false},"excerpt":{"rendered":"<p>Brindada por la ministra de las Mujeres, Pol\u00edticas de G\u00e9nero y Diversidad Sexual bonaerense, Estela D\u00edaz y por el director de Formaci\u00f3n y Capacitaci\u00f3n del Ministerio, N\u00e9stor \u201cYuyo\u201d Garc\u00eda. Adem\u00e1s, el intendente Zamora anunci\u00f3 la adhesi\u00f3n del Municipio a la Ley Provincial N\u00b0 14.893, de \u201cLicencia para Mujeres V\u00edctimas de Violencia\u201d. En el marco de [&hellip;]<\/p>\n","protected":false},"author":1,"featured_media":3575,"comment_status":"open","ping_status":"open","sticky":false,"template":"","format":"standard","meta":{"inline_featured_image":false,"_monsterinsights_skip_tracking":false,"_monsterinsights_sitenote_active":false,"_monsterinsights_sitenote_note":"","_monsterinsights_sitenote_category":0,"lzb_camalote_bajada":"","lzb_camalote_fotogalerias_repeater":"","lzb_camalote_fotogalerias_desc":"","lzb_camalote_fotogalerias_autorxs":"%5B%5D","lzb_camalote_post_imagen_destacada":"","lzb_camalote_post_imagen_destacada_fotografx":"","lzb_camalote_post_imagen_destacada_fotografx_url":"","_jetpack_memberships_contains_paid_content":false,"footnotes":""},"categories":[1],"tags":[],"class_list":["post-3570","post","type-post","status-publish","format-standard","has-post-thumbnail","hentry","category-sin-categoria"],"aioseo_notices":[],"jetpack_featured_media_url":"https:\/\/comunicadas.com.ar\/wp-content\/uploads\/2020\/03\/49649464311_985fb15f9d_h-1.jpg","jetpack_sharing_enabled":true,"jetpack_likes_enabled":true,"_links":{"self":[{"href":"https:\/\/comunicadas.com.ar\/index.php\/wp-json\/wp\/v2\/posts\/3570"}],"collection":[{"href":"https:\/\/comunicadas.com.ar\/index.php\/wp-json\/wp\/v2\/posts"}],"about":[{"href":"https:\/\/comunicadas.com.ar\/index.php\/wp-json\/wp\/v2\/types\/post"}],"author":[{"embeddable":true,"href":"https:\/\/comunicadas.com.ar\/index.php\/wp-json\/wp\/v2\/users\/1"}],"replies":[{"embeddable":true,"href":"https:\/\/comunicadas.com.ar\/index.php\/wp-json\/wp\/v2\/comments?post=3570"}],"version-history":[{"count":0,"href":"https:\/\/comunicadas.com.ar\/index.php\/wp-json\/wp\/v2\/posts\/3570\/revisions"}],"wp:featuredmedia":[{"embeddable":true,"href":"https:\/\/comunicadas.com.ar\/index.php\/wp-json\/wp\/v2\/media\/3575"}],"wp:attachment":[{"href":"https:\/\/comunicadas.com.ar\/index.php\/wp-json\/wp\/v2\/media?parent=3570"}],"wp:term":[{"taxonomy":"category","embeddable":true,"href":"https:\/\/comunicadas.com.ar\/index.php\/wp-json\/wp\/v2\/categories?post=3570"},{"taxonomy":"post_tag","embeddable":true,"href":"https:\/\/comunicadas.com.ar\/index.php\/wp-json\/wp\/v2\/tags?post=3570"}],"curies":[{"name":"wp","href":"https:\/\/api.w.org\/{rel}","templated":true}]}}