{"id":3565,"date":"2020-03-01T18:43:16","date_gmt":"2020-03-01T21:43:16","guid":{"rendered":"http:\/\/comunicadas.com.ar\/?p=3565"},"modified":"2020-03-01T18:43:16","modified_gmt":"2020-03-01T21:43:16","slug":"juno-la-maternidad-sera-deseada-o-no-sera","status":"publish","type":"post","link":"https:\/\/comunicadas.com.ar\/index.php\/2020\/03\/01\/juno-la-maternidad-sera-deseada-o-no-sera\/","title":{"rendered":"Juno: la maternidad ser\u00e1 deseada o no ser\u00e1"},"content":{"rendered":"\n<p>\u00a0Juno es una adolescente que queda embarazada tras tener relaciones sexuales con su amigo Paulie Bleeker. En una primera instancia, quiere abortar, pero cuando est\u00e1 en la cl\u00ednica a punto de llevar a cabo el procedimiento, cambia de opini\u00f3n y decide tenerlo y darlo en adopci\u00f3n. Conoce a una pareja heterosexual de clase media alta, Mark y Vanessa, y firma un contrato con elles.<\/p>\n\n\n\n<p>Esta pel\u00edcula, m\u00e1s que sobre un embarazo adolescente o sobre el aborto, trata sobre el deseo y la sororidad. Las mujeres son los personajes con m\u00e1s protagonismo; cada una de ellas intenta llevar a cabo su deseo: Vanessa desea ser madre, Juno desea no serlo y seguir adelante con su vida de adolescente. Logran decidir sobre sus cuerpos y destinos apoy\u00e1ndose la una a la otra, formando comunidad con las mujeres a su alrededor. Si bien los personajes masculinos, como el padre de Juno y el de Paulie, ayudan a Juno a lo largo de su embarazo, son su madrastra y su mejor amiga quienes m\u00e1s la acompa\u00f1an en el proceso. Es Juno tambi\u00e9n quien m\u00e1s apoya a Vanessa en su decisi\u00f3n de ser madre, incluso m\u00e1s que su propia pareja.<\/p>\n\n\n\n<p>Adem\u00e1s, Juno tambi\u00e9n cuestiona el modelo de maternidad. Seg\u00fan esta pel\u00edcula, la maternidad no es un instinto, ni existe una conexi\u00f3n biol\u00f3gica e invisible de una mujer con su feto. La maternidad es deseada o no es. Juno en ning\u00fan momento tiene dudas, sabe que no quiere a ese hije y no lo siente como propio. Vanessa, en cambio, le desea aunque no le cargue en su vientre. A ambas las mueve el deseo y ambas se apoyan en la sororidad de otras mujeres para llevar a cabo ese deseo, por eso podemos decir que Juno es, con todas las letras, una pel\u00edcula feminista.<\/p>\n","protected":false},"excerpt":{"rendered":"<p>\u00a0Juno es una adolescente que queda embarazada tras tener relaciones sexuales con su amigo Paulie Bleeker. En una primera instancia, quiere abortar, pero cuando est\u00e1 en la cl\u00ednica a punto de llevar a cabo el procedimiento, cambia de opini\u00f3n y decide tenerlo y darlo en adopci\u00f3n. Conoce a una pareja heterosexual de clase media alta, [&hellip;]<\/p>\n","protected":false},"author":1,"featured_media":3566,"comment_status":"open","ping_status":"open","sticky":false,"template":"","format":"standard","meta":{"inline_featured_image":false,"_monsterinsights_skip_tracking":false,"_monsterinsights_sitenote_active":false,"_monsterinsights_sitenote_note":"","_monsterinsights_sitenote_category":0,"lzb_camalote_bajada":"","lzb_camalote_fotogalerias_repeater":"","lzb_camalote_fotogalerias_desc":"","lzb_camalote_fotogalerias_autorxs":"%5B%5D","lzb_camalote_post_imagen_destacada":"","lzb_camalote_post_imagen_destacada_fotografx":"","lzb_camalote_post_imagen_destacada_fotografx_url":"","_jetpack_memberships_contains_paid_content":false,"footnotes":""},"categories":[21],"tags":[80,346,603],"class_list":["post-3565","post","type-post","status-publish","format-standard","has-post-thumbnail","hentry","category-recomendacion","tag-aborto","tag-embarazo-adolescente","tag-maternidad"],"aioseo_notices":[],"jetpack_featured_media_url":"","jetpack_sharing_enabled":true,"jetpack_likes_enabled":true,"_links":{"self":[{"href":"https:\/\/comunicadas.com.ar\/index.php\/wp-json\/wp\/v2\/posts\/3565"}],"collection":[{"href":"https:\/\/comunicadas.com.ar\/index.php\/wp-json\/wp\/v2\/posts"}],"about":[{"href":"https:\/\/comunicadas.com.ar\/index.php\/wp-json\/wp\/v2\/types\/post"}],"author":[{"embeddable":true,"href":"https:\/\/comunicadas.com.ar\/index.php\/wp-json\/wp\/v2\/users\/1"}],"replies":[{"embeddable":true,"href":"https:\/\/comunicadas.com.ar\/index.php\/wp-json\/wp\/v2\/comments?post=3565"}],"version-history":[{"count":0,"href":"https:\/\/comunicadas.com.ar\/index.php\/wp-json\/wp\/v2\/posts\/3565\/revisions"}],"wp:featuredmedia":[{"embeddable":true,"href":"https:\/\/comunicadas.com.ar\/index.php\/wp-json\/"}],"wp:attachment":[{"href":"https:\/\/comunicadas.com.ar\/index.php\/wp-json\/wp\/v2\/media?parent=3565"}],"wp:term":[{"taxonomy":"category","embeddable":true,"href":"https:\/\/comunicadas.com.ar\/index.php\/wp-json\/wp\/v2\/categories?post=3565"},{"taxonomy":"post_tag","embeddable":true,"href":"https:\/\/comunicadas.com.ar\/index.php\/wp-json\/wp\/v2\/tags?post=3565"}],"curies":[{"name":"wp","href":"https:\/\/api.w.org\/{rel}","templated":true}]}}