{"id":3531,"date":"2020-02-06T15:47:21","date_gmt":"2020-02-06T18:47:21","guid":{"rendered":"http:\/\/comunicadas.com.ar\/?p=3531"},"modified":"2020-02-06T15:47:21","modified_gmt":"2020-02-06T18:47:21","slug":"se-conformo-la-primera-mesa-interministerial-de-politicas-de-cuidados","status":"publish","type":"post","link":"https:\/\/comunicadas.com.ar\/index.php\/2020\/02\/06\/se-conformo-la-primera-mesa-interministerial-de-politicas-de-cuidados\/","title":{"rendered":"Se conform\u00f3 la primera mesa interministerial de pol\u00edticas de cuidados"},"content":{"rendered":"\n<p class=\"has-text-color has-background has-very-light-gray-color has-vivid-purple-background-color\">G\u00f3mez Alcorta: <em>\u201cVamos a trabajar en una pol\u00edtica integral de cuidados para reducir las desigualdades de g\u00e9nero\"<\/em>.<\/p>\n\n\n\n<p>Convocada por el Ministerio de Mujeres, G\u00e9neros y Diversidad de la Naci\u00f3n <strong>se conform\u00f3 la primera Mesa Interministerial de Cuidados que tendr\u00e1 como objetivo articular acciones y orientar las pol\u00edticas en la materia hacia la igualdad de g\u00e9nero<\/strong>. Del encuentro que organiz\u00f3 la ministra Elizabeth G\u00f3mez Alcorta participaron la vicejefa de Gabinete, Cecilia Todesca; los ministros de Desarrollo Social, Daniel Arroyo; de Educaci\u00f3n, Nicol\u00e1s Trotta y de Trabajo, Claudio Moroni; Haroldo Montangu, viceministro de Econom\u00eda; la Directora Ejecutiva del PAMI, Luana Volnovich; Alejandro Vanoli, titular de la Agencia Nacional de Seguridad Social (ANSES); Claudio Esp\u00f3sito Director Ejecutivo de la Agencia Nacional de Discapacidad (ANDIS) y Patricia Vaca Narvaja, en representaci\u00f3n de la AFIP, entre otras y otros.<\/p>\n\n\n\n<figure class=\"wp-block-image size-large\"><img decoding=\"async\" src=\"https:\/\/comunicadasdotorg.files.wordpress.com\/2020\/02\/whatsapp-image-2020-02-06-at-3.29.57-pm.jpeg?w=1024\" alt=\"\" class=\"wp-image-3535\" \/><figcaption>Mesa Interministerial de Cuidados <br><br><\/figcaption><\/figure>\n\n\n\n<p>Tras agradecer la presencia de los funcionarios, G\u00f3mez Alcorta explic\u00f3 que <em>\u201cel objetivo de la Mesa Interministerial es revalorizar y coordinar las acciones y programas que se implementan en los distintos organismos para contribuir a la igualdad de g\u00e9nero\u201d<\/em>. Y se\u00f1al\u00f3: <em>\u201cen los distintos ministerios y agencias se implementan distintas pol\u00edticas vinculadas con cuidados, aunque a veces no se las nombre de esa manera. El objetivo de esta mesa es pensar de manera conjunta e integral las pol\u00edticas de cuidados para la Argentina. Se trata tambi\u00e9n de pensar pol\u00edticas que nos permitan avanzar estrat\u00e9gicamente para distribuir mejor las tareas de cuidados. Mientras que no tengamos una agenda integral de pol\u00edticas p\u00fablicas expl\u00edcita sobre el tema, el cuidado termina siendo un factor de profundizaci\u00f3n de desigualdades\u201d<\/em>, asegur\u00f3 la ministra al inicio del encuentro.<\/p>\n\n\n\n<p>Desde este espacio que convocar\u00e1 peri\u00f3dicamente a mesas de trabajo y que ser\u00e1 coordinado por el Ministerio de Mujeres, G\u00e9neros y Diversidad se conformar\u00e1 un<strong> \u00e1mbito de intercambio, discusi\u00f3n y creaci\u00f3n de consensos para generar pol\u00edticas p\u00fablicas que reconozcan al cuidado como una necesidad, un trabajo y un derecho; que permitan redistribuir de manera igualitaria el cuidado entre varones, mujeres y otras identidades <\/strong>y entre los hogares, el Estado, las empresas y las comunidades; revalorizar los trabajos de cuidados; representar a los sectores del cuidado en las distintas instancias p\u00fablicas para que tengan voz; redistribuir las actividades de cuidado de cada familia a trav\u00e9s de la socializaci\u00f3n de las tareas y asegurar el cuidado como un derecho para todos los tipos de familias, reconoci\u00e9ndolas en toda su diversidad.<\/p>\n\n\n\n<p>Para <strong>Daniel Arroyo<\/strong> <em>\u201cesta mesa interministerial es una excelente iniciativa y nos permitir\u00e1 elaborar un protocolo en forma integral. Entendemos que la creaci\u00f3n de empleo masivo, el v\u00ednculo entre lo que suele llamarse 'planes sociales' y trabajo, se va a dar fuertemente en el sistema de cuidados y por eso creemos que es muy importante establecer criterios b\u00e1sicos\u201d<\/em>.<\/p>\n\n\n\n<p><em>\u201cEl 50 por ciento de las mujeres que tiene hijos menores de tres a\u00f1os est\u00e1 fuera del mercado laboral, por eso la importancia de articular pol\u00edticas de manera interministerial. Desde el ministerio de Educaci\u00f3n queremos avanzar en la extensi\u00f3n de la obligatoriedad de la educaci\u00f3n temprana, sala de 2 y de 3. Hoy el acceso al nivel inicial es uno de los principales escenarios de desigualdades econ\u00f3micas y territoriales. Es un desaf\u00edo que hoy parece imposible por la grave situaci\u00f3n fiscal. Implica una gran inversi\u00f3n de recursos no s\u00f3lo del Estado nacional sino de las jurisdicciones provinciales. Pero tenemos que empezar a trazar ese camino porque s\u00f3lo as\u00ed vamos a lograr instaurar un verdadero cambio cultural que empieza en la escuela\u201d<\/em>, explic\u00f3 <strong>Nicol\u00e1s Trotta.<\/strong><\/p>\n\n\n\n<p>Claudio Moroni destac\u00f3 la importancia de generar este espacio interministerial, debido a que la tem\u00e1tica es una pol\u00edtica central para el Gobierno, y asegur\u00f3: \u201ctenemos que revisar los accesos a la seguridad social porque sino terminamos siempre resolviendo sobre la emergencia\u201d.<\/p>\n\n\n\n<p>\u201cNuestro objetivo es la erradicaci\u00f3n de la violencia y el maltrato a las personas mayores. Por eso tenemos una prioridad: trabajar fuerte en la capacitaci\u00f3n, en el marco de la Convenci\u00f3n Interamericana sobre la Protecci\u00f3n de los Derechos Humanos\u201d, expres\u00f3 Luana Volnovich.<\/p>\n\n\n\n<p>\u201cQue el colectivo de mujeres con discapacidad est\u00e9 representado en la mesa interministerial ratifica la voluntad del presidente Alberto Fern\u00e1ndez de colocar a la tem\u00e1tica en la agenda p\u00fablica. Trabajaremos arduamente para visibilizar y buscar soluciones conjuntas para aquellas situaciones donde las tareas de cuidados est\u00e1n subvaloradas y feminizadas, para lograr una igualdad en la distribuci\u00f3n de esas tareas\u201d, expres\u00f3 el titular de la Agencia de Discapacidad, Claudio Esp\u00f3sito.<\/p>\n\n\n\n<p>Seg\u00fan Haroldo Montagu, \u201cdesde el ministerio queremos contribuir a visibilizar el aporte del trabajo de cuidado en la econom\u00eda del pa\u00eds, realizar el an\u00e1lisis de la inversi\u00f3n en cuidados y sus impactos econ\u00f3micos\u201d.<\/p>\n\n\n\n<p>La distribuci\u00f3n injusta de las tareas de cuidado es el eje de muchas de las desigualdades. El cuidado fue hasta ahora considerado una responsabilidad natural de las mujeres a\u00fan cuando en la pr\u00e1ctica no existen actividades que no puedan ser realizadas por varones u otras identidades y no hay ning\u00fan condicionamiento biol\u00f3gico que determine que uno u otro g\u00e9nero sea mejor para estar a cargo de las mismas. Por este estereotipo, el cuidado no se consider\u00f3 como un trabajo, invisibiliz\u00e1ndolo cuando ocurre en los hogares y subvalor\u00e1ndolo cuando toma lugar en la arena p\u00fablica. Por otra parte, el cuidado adem\u00e1s de ser un trabajo es una necesidad. Todas las personas, sin excepci\u00f3n, en alg\u00fan momento de su vida necesitan ser cuidadas. En ese contexto, el cuidado tambi\u00e9n es un derecho: derecho a ser cuidado y un derecho a cuidar. \u201cNo se busca una sociedad en donde las mujeres s\u00f3lo trabajen y no cuiden, sino una en la que mujeres varones y otras identidades tengan la oportunidad de hacer ambas cosas cuando as\u00ed lo quieran, y que cuando cuiden lo hagan de forma reconocida y remunerada\u201d, explic\u00f3 G\u00f3mez Alcorta.<\/p>\n\n\n\n<p><strong>Del encuentro participaron adem\u00e1s representantes del Ministerio de Salud, de la AFIP y del INAES, entre otros organismos.<\/strong><\/p>\n\n\n\n<p><\/p>\n\n\n\n<p>Fuente: Ministerio de Mujeres, G\u00e9neros y Diversidad.<\/p>\n","protected":false},"excerpt":{"rendered":"<p>G\u00f3mez Alcorta: \u201cVamos a trabajar en una pol\u00edtica integral de cuidados para reducir las desigualdades de g\u00e9nero\". Convocada por el Ministerio de Mujeres, G\u00e9neros y Diversidad de la Naci\u00f3n se conform\u00f3 la primera Mesa Interministerial de Cuidados que tendr\u00e1 como objetivo articular acciones y orientar las pol\u00edticas en la materia hacia la igualdad de g\u00e9nero. [&hellip;]<\/p>\n","protected":false},"author":1,"featured_media":3532,"comment_status":"open","ping_status":"open","sticky":false,"template":"","format":"standard","meta":{"inline_featured_image":false,"_monsterinsights_skip_tracking":false,"_monsterinsights_sitenote_active":false,"_monsterinsights_sitenote_note":"","_monsterinsights_sitenote_category":0,"lzb_camalote_bajada":"","lzb_camalote_fotogalerias_repeater":"","lzb_camalote_fotogalerias_desc":"","lzb_camalote_fotogalerias_autorxs":"%5B%5D","lzb_camalote_post_imagen_destacada":"","lzb_camalote_post_imagen_destacada_fotografx":"","lzb_camalote_post_imagen_destacada_fotografx_url":"","_jetpack_memberships_contains_paid_content":false,"footnotes":""},"categories":[1],"tags":[],"class_list":["post-3531","post","type-post","status-publish","format-standard","has-post-thumbnail","hentry","category-sin-categoria"],"aioseo_notices":[],"jetpack_featured_media_url":"","jetpack_sharing_enabled":true,"jetpack_likes_enabled":true,"_links":{"self":[{"href":"https:\/\/comunicadas.com.ar\/index.php\/wp-json\/wp\/v2\/posts\/3531"}],"collection":[{"href":"https:\/\/comunicadas.com.ar\/index.php\/wp-json\/wp\/v2\/posts"}],"about":[{"href":"https:\/\/comunicadas.com.ar\/index.php\/wp-json\/wp\/v2\/types\/post"}],"author":[{"embeddable":true,"href":"https:\/\/comunicadas.com.ar\/index.php\/wp-json\/wp\/v2\/users\/1"}],"replies":[{"embeddable":true,"href":"https:\/\/comunicadas.com.ar\/index.php\/wp-json\/wp\/v2\/comments?post=3531"}],"version-history":[{"count":0,"href":"https:\/\/comunicadas.com.ar\/index.php\/wp-json\/wp\/v2\/posts\/3531\/revisions"}],"wp:featuredmedia":[{"embeddable":true,"href":"https:\/\/comunicadas.com.ar\/index.php\/wp-json\/"}],"wp:attachment":[{"href":"https:\/\/comunicadas.com.ar\/index.php\/wp-json\/wp\/v2\/media?parent=3531"}],"wp:term":[{"taxonomy":"category","embeddable":true,"href":"https:\/\/comunicadas.com.ar\/index.php\/wp-json\/wp\/v2\/categories?post=3531"},{"taxonomy":"post_tag","embeddable":true,"href":"https:\/\/comunicadas.com.ar\/index.php\/wp-json\/wp\/v2\/tags?post=3531"}],"curies":[{"name":"wp","href":"https:\/\/api.w.org\/{rel}","templated":true}]}}