{"id":3523,"date":"2020-02-06T10:00:42","date_gmt":"2020-02-06T13:00:42","guid":{"rendered":"http:\/\/comunicadas.com.ar\/?p=3523"},"modified":"2020-02-06T10:00:42","modified_gmt":"2020-02-06T13:00:42","slug":"absolucion-para-michelle-youayou","status":"publish","type":"post","link":"https:\/\/comunicadas.com.ar\/index.php\/2020\/02\/06\/absolucion-para-michelle-youayou\/","title":{"rendered":"Absoluci\u00f3n para Michelle Youayou"},"content":{"rendered":"\n<p>Cuando sos mujer, pobre, negra y migrante el Poder Judicial te da la espalda, no importa cuando y donde leas esto, porque la \u00fanica justicia que administra dicho poder es la patriarcal y, por ende, racista. A Michelle Youayou (40 a\u00f1os) esta realidad se le hizo carne y no solo en Francia, donde comenz\u00f3 su historia, sino tambi\u00e9n en Argentina.<\/p>\n\n\n\n<p>Michelle naci\u00f3 en Costa de Marfil, pero a los diez a\u00f1os emigr\u00f3 a Francia, pa\u00eds en el que conoci\u00f3 a su esposo y padre de sus dos hijos, el ingeniero franc\u00e9s, Didier Tabouillot.&nbsp;Hace seis a\u00f1os, Michelle descubri\u00f3 que su marido abusaba de sus hijos y lo denunci\u00f3, pero lo \u00fanico que recibi\u00f3 por parte de las autoridades francesas fue la espalda. Tabouillot es hombre, blanco, franc\u00e9s y profesional.<\/p>\n\n\n\n<p>A pesar de los testimonios de su hijo y de que su marido ten\u00eda antecedentes de pedofilia (su ex pareja y madre de sus hijas lo hab\u00eda denunciado), la justicia francesa le otorg\u00f3 la guarda compartida. Ante el temor de que los abusos continuaran y frente a la indefensi\u00f3n institucional, antes de la sentencia del juicio, Michelle decidi\u00f3 emigrar junto a sus hijos a nuestro pa\u00eds, pero la justicia argentina tambi\u00e9n se puso del lado del padre y determin\u00f3 que los chicos volvieran a Francia junto a \u00e9l. La \u00faltima vez que Michelle vio a sus hijos fue en mayo de 2019, cuando la polic\u00eda de la Ciudad la detuvo en Parque Lezama, le sac\u00f3 a los chicos y los devolvi\u00f3 a Francia a vivir con el padre, quien abus\u00f3 de ellos y ahora acusa a Michelle de haber secuestrado a sus propios hijos.&nbsp;<\/p>\n\n\n\n<p>La abogada Marcela Arenas, de la organizaci\u00f3n <a href=\"https:\/\/redviva.org.ar\/\">Red Viva<\/a>, expres\u00f3 en una nota publicada en Tiempo Argentino que ambos pa\u00edses violan la Convenci\u00f3n de la Haya, cuyo mandato es proteger los derechos de la infancia.\u00a0<\/p>\n\n\n\n<p>Michelle y sus hijos son v\u00edctimas de un sistema judicial patriarcal y racista; junto a ella y a las personas que la est\u00e1n ayudando, exigimos su absoluci\u00f3n y la restituci\u00f3n de los chicos.\u00a0<\/p>\n\n\n\n<p>Fuentes: <\/p>\n\n\n\n<p><a href=\"https:\/\/www.tiempoar.com.ar\/nota\/michelle-y-su-lucha-contra-la-justicia-patriarcal\">Tiempo Argentino<\/a><\/p>\n\n\n\n<p><a href=\"https:\/\/es-la.facebook.com\/rviva\/\">Red Viva<\/a><\/p>\n\n\n\n<p><\/p>\n","protected":false},"excerpt":{"rendered":"<p>Cuando sos mujer, pobre, negra y migrante el Poder Judicial te da la espalda, no importa cuando y donde leas esto, porque la \u00fanica justicia que administra dicho poder es la patriarcal y, por ende, racista. A Michelle Youayou (40 a\u00f1os) esta realidad se le hizo carne y no solo en Francia, donde comenz\u00f3 su historia, sino tambi\u00e9n en Argentina.<\/p>\n","protected":false},"author":1,"featured_media":3528,"comment_status":"open","ping_status":"open","sticky":false,"template":"","format":"standard","meta":{"inline_featured_image":false,"_monsterinsights_skip_tracking":false,"_monsterinsights_sitenote_active":false,"_monsterinsights_sitenote_note":"","_monsterinsights_sitenote_category":0,"lzb_camalote_bajada":"","lzb_camalote_fotogalerias_repeater":"","lzb_camalote_fotogalerias_desc":"","lzb_camalote_fotogalerias_autorxs":"%5B%5D","lzb_camalote_post_imagen_destacada":"","lzb_camalote_post_imagen_destacada_fotografx":"","lzb_camalote_post_imagen_destacada_fotografx_url":"","_jetpack_memberships_contains_paid_content":false,"footnotes":""},"categories":[1],"tags":[],"class_list":["post-3523","post","type-post","status-publish","format-standard","has-post-thumbnail","hentry","category-sin-categoria"],"aioseo_notices":[],"jetpack_featured_media_url":"https:\/\/comunicadas.com.ar\/wp-content\/uploads\/2020\/02\/michelle-nota-1.jpg","jetpack_sharing_enabled":true,"jetpack_likes_enabled":true,"_links":{"self":[{"href":"https:\/\/comunicadas.com.ar\/index.php\/wp-json\/wp\/v2\/posts\/3523"}],"collection":[{"href":"https:\/\/comunicadas.com.ar\/index.php\/wp-json\/wp\/v2\/posts"}],"about":[{"href":"https:\/\/comunicadas.com.ar\/index.php\/wp-json\/wp\/v2\/types\/post"}],"author":[{"embeddable":true,"href":"https:\/\/comunicadas.com.ar\/index.php\/wp-json\/wp\/v2\/users\/1"}],"replies":[{"embeddable":true,"href":"https:\/\/comunicadas.com.ar\/index.php\/wp-json\/wp\/v2\/comments?post=3523"}],"version-history":[{"count":0,"href":"https:\/\/comunicadas.com.ar\/index.php\/wp-json\/wp\/v2\/posts\/3523\/revisions"}],"wp:featuredmedia":[{"embeddable":true,"href":"https:\/\/comunicadas.com.ar\/index.php\/wp-json\/wp\/v2\/media\/3528"}],"wp:attachment":[{"href":"https:\/\/comunicadas.com.ar\/index.php\/wp-json\/wp\/v2\/media?parent=3523"}],"wp:term":[{"taxonomy":"category","embeddable":true,"href":"https:\/\/comunicadas.com.ar\/index.php\/wp-json\/wp\/v2\/categories?post=3523"},{"taxonomy":"post_tag","embeddable":true,"href":"https:\/\/comunicadas.com.ar\/index.php\/wp-json\/wp\/v2\/tags?post=3523"}],"curies":[{"name":"wp","href":"https:\/\/api.w.org\/{rel}","templated":true}]}}