{"id":3499,"date":"2020-01-19T18:07:33","date_gmt":"2020-01-19T21:07:33","guid":{"rendered":"http:\/\/comunicadas.com.ar\/?p=3499"},"modified":"2020-01-19T18:07:33","modified_gmt":"2020-01-19T21:07:33","slug":"una-banda-de-chicas-el-documental-que-visibiliza-a-las-mujeres-en-el-ambiente-musical","status":"publish","type":"post","link":"https:\/\/comunicadas.com.ar\/index.php\/2020\/01\/19\/una-banda-de-chicas-el-documental-que-visibiliza-a-las-mujeres-en-el-ambiente-musical\/","title":{"rendered":"\"Una banda de chicas\", el documental que visibiliza a las mujeres en el ambiente musical."},"content":{"rendered":"\n<p>Podr\u00edamos decir que \u201cUna banda de chicas\u201d es un documental sobre las mujeres en el ambiente musical. Por un lado lo es, tiene todas las caracter\u00edsticas: material de archivo, entrevistas, voz en off de la directora; pero por otro lado, tambi\u00e9n sent\u00ed que estaba mirando una road movie, y no solo por las hermosas im\u00e1genes de las bandas en las giras y recitales. La experiencia de la propia directora en la industria musical (es ex integrante de una de las bandas que aparecen en el documental) logr\u00f3 retratar a las integrantes de los diferentes grupos musicales con una intimidad, complicidad y calidez propias de quien entiende lo que es ser mujer en ese ambiente. Sent\u00ed que estaba viendo el registro de un viaje entre amigas.<\/p>\n\n\n\n<p>La pel\u00edcula sigue a integrantes de varias bandas conformadas por mujeres en sus viajes art\u00edsticos y personales. Las retrata en recitales y giras, en marchas por el aborto legal, en camerinos, en salidas de amigues. Incluye testimonios de algunas de sus integrantes sobre sus historias, c\u00f3mo conformaron las bandas o c\u00f3mo empezaron su carrera musical, pero, en especial, c\u00f3mo es ser mujer en un ambiente hist\u00f3ricamente dirigido por hombres. \u201cUna banda de chicas\u201d visibiliza a las mujeres en la m\u00fasica y sus problemas: nos tira en la cara cuestiones que si no estamos en el ambiente quiz\u00e1s no ve\u00edamos, como por qu\u00e9 casi no hay mujeres productoras, qu\u00e9 tipo de m\u00fasica se espera que hagamos las mujeres, qu\u00e9 reacci\u00f3n tienen los hombres del ambiente ante mujeres que saben de m\u00fasica. En fin, una visi\u00f3n que solo una directora mujer con experiencia en el mundo de la m\u00fasica, como Marilina Gim\u00e9nez, pod\u00eda tener.<\/p>\n\n\n\n<p>Todo esto ya es motivo suficiente para que vayan a ver \u201cUna banda de chicas\u201d al Malba. Pero, si todav\u00eda no se convencieron, les sumo un plus: si, como a m\u00ed, les encanta la m\u00fasica pero no conocen mucho del mundo musical por fuera de lo m\u00e1s comercial, se van a encontrar con hermosas bandas para sumar a sus listas, como Kobra Kei o Ibiza Pareo, mis preferidas \ud83d\ude09<\/p>\n","protected":false},"excerpt":{"rendered":"<p>Podr\u00edamos decir que \u201cUna banda de chicas\u201d es un documental sobre las mujeres en el ambiente musical. Por un lado lo es, tiene todas las caracter\u00edsticas: material de archivo, entrevistas, voz en off de la directora; pero por otro lado, tambi\u00e9n sent\u00ed que estaba mirando una road movie, y no solo por las hermosas im\u00e1genes [&hellip;]<\/p>\n","protected":false},"author":1,"featured_media":3501,"comment_status":"open","ping_status":"open","sticky":false,"template":"","format":"standard","meta":{"inline_featured_image":false,"_monsterinsights_skip_tracking":false,"_monsterinsights_sitenote_active":false,"_monsterinsights_sitenote_note":"","_monsterinsights_sitenote_category":0,"lzb_camalote_bajada":"","lzb_camalote_fotogalerias_repeater":"","lzb_camalote_fotogalerias_desc":"","lzb_camalote_fotogalerias_autorxs":"%5B%5D","lzb_camalote_post_imagen_destacada":"","lzb_camalote_post_imagen_destacada_fotografx":"","lzb_camalote_post_imagen_destacada_fotografx_url":"","_jetpack_memberships_contains_paid_content":false,"footnotes":""},"categories":[21],"tags":[240,642,605],"class_list":["post-3499","post","type-post","status-publish","format-standard","has-post-thumbnail","hentry","category-recomendacion","tag-cine","tag-mujeres-en-la-musica","tag-musica"],"aioseo_notices":[],"jetpack_featured_media_url":"https:\/\/comunicadas.com.ar\/wp-content\/uploads\/2020\/01\/whatsapp-image-2020-01-19-at-13.23.31-1.jpeg","jetpack_sharing_enabled":true,"jetpack_likes_enabled":true,"_links":{"self":[{"href":"https:\/\/comunicadas.com.ar\/index.php\/wp-json\/wp\/v2\/posts\/3499"}],"collection":[{"href":"https:\/\/comunicadas.com.ar\/index.php\/wp-json\/wp\/v2\/posts"}],"about":[{"href":"https:\/\/comunicadas.com.ar\/index.php\/wp-json\/wp\/v2\/types\/post"}],"author":[{"embeddable":true,"href":"https:\/\/comunicadas.com.ar\/index.php\/wp-json\/wp\/v2\/users\/1"}],"replies":[{"embeddable":true,"href":"https:\/\/comunicadas.com.ar\/index.php\/wp-json\/wp\/v2\/comments?post=3499"}],"version-history":[{"count":0,"href":"https:\/\/comunicadas.com.ar\/index.php\/wp-json\/wp\/v2\/posts\/3499\/revisions"}],"wp:featuredmedia":[{"embeddable":true,"href":"https:\/\/comunicadas.com.ar\/index.php\/wp-json\/wp\/v2\/media\/3501"}],"wp:attachment":[{"href":"https:\/\/comunicadas.com.ar\/index.php\/wp-json\/wp\/v2\/media?parent=3499"}],"wp:term":[{"taxonomy":"category","embeddable":true,"href":"https:\/\/comunicadas.com.ar\/index.php\/wp-json\/wp\/v2\/categories?post=3499"},{"taxonomy":"post_tag","embeddable":true,"href":"https:\/\/comunicadas.com.ar\/index.php\/wp-json\/wp\/v2\/tags?post=3499"}],"curies":[{"name":"wp","href":"https:\/\/api.w.org\/{rel}","templated":true}]}}