{"id":3488,"date":"2020-01-16T15:02:47","date_gmt":"2020-01-16T18:02:47","guid":{"rendered":"http:\/\/comunicadas.com.ar\/?p=3488"},"modified":"2020-01-16T15:02:47","modified_gmt":"2020-01-16T18:02:47","slug":"ola-feminista-en-los-medios-publicos","status":"publish","type":"post","link":"https:\/\/comunicadas.com.ar\/index.php\/2020\/01\/16\/ola-feminista-en-los-medios-publicos\/","title":{"rendered":"Ola feminista en los medios p\u00fablicos"},"content":{"rendered":"\n<p class=\"has-text-color has-background has-very-light-gray-color has-vivid-purple-background-color\"><strong>Va llegando la hora de las mujeres con cargos. Algunas radios y canales del Estado estar\u00e1n ocupados por directoras. <\/strong><\/p>\n\n\n\n<p class=\"has-text-align-left\">Seg\u00fan pudo adelantar <strong>P\u00e1gina 12<\/strong>, en algunos medios p\u00fablicos habr\u00e1 <strong>directoras mujeres<\/strong>. Como por ejemplo, en radio Nacional Folcl\u00f3rica estar\u00e1 Mavi D\u00edaz (ex Viudas e Hijas del Rock and Roll); en Nacional Rock se design\u00f3 a Mikki Lusardi, y\u00a0Andrea Merenz\u00f3n en Nacional Cl\u00e1sica. En tanto, Mar\u00eda Marta Garc\u00eda Scarano, ir\u00e1 a Canal Encuentro, y Cielo Salviolo a Pakapaka.\u00a0<\/p>\n\n\n\n<p>Si bien todav\u00eda no fueron publicadas en el Bolet\u00edn Oficial, las direcciones son un hecho, luego de que la semana pasada se conformara la sociedad del Estado Contenidos P\u00fablicos, de qui\u00e9n dependen las se\u00f1ales. La presidencia de Contenidos P\u00fablicos est\u00e1 a cargo de Claudio Mart\u00ednez, mientras que <strong>Jessica Tritten -que fuera directora de Encuentro- ocupa la vicepresidencia.<\/strong> El \u00fanico puesto que a\u00fan resta confirmar en las se\u00f1ales estatales es el de la direcci\u00f3n general de la se\u00f1al <strong>DeporTV<\/strong>. <\/p>\n\n\n\n<p><\/p>\n","protected":false},"excerpt":{"rendered":"<p>Va llegando la hora de las mujeres con cargos. Algunas radios y canales del Estado estar\u00e1n ocupados por directoras. Seg\u00fan pudo adelantar P\u00e1gina 12, en algunos medios p\u00fablicos habr\u00e1 directoras mujeres. Como por ejemplo, en radio Nacional Folcl\u00f3rica estar\u00e1 Mavi D\u00edaz (ex Viudas e Hijas del Rock and Roll); en Nacional Rock se design\u00f3 a [&hellip;]<\/p>\n","protected":false},"author":1,"featured_media":3492,"comment_status":"open","ping_status":"open","sticky":false,"template":"","format":"standard","meta":{"inline_featured_image":false,"_monsterinsights_skip_tracking":false,"_monsterinsights_sitenote_active":false,"_monsterinsights_sitenote_note":"","_monsterinsights_sitenote_category":0,"lzb_camalote_bajada":"","lzb_camalote_fotogalerias_repeater":"","lzb_camalote_fotogalerias_desc":"","lzb_camalote_fotogalerias_autorxs":"%5B%5D","lzb_camalote_post_imagen_destacada":"","lzb_camalote_post_imagen_destacada_fotografx":"","lzb_camalote_post_imagen_destacada_fotografx_url":"","_jetpack_memberships_contains_paid_content":false,"footnotes":""},"categories":[1],"tags":[],"class_list":["post-3488","post","type-post","status-publish","format-standard","has-post-thumbnail","hentry","category-sin-categoria"],"aioseo_notices":[],"jetpack_featured_media_url":"https:\/\/comunicadas.com.ar\/wp-content\/uploads\/2020\/01\/feminismo-1.jpg","jetpack_sharing_enabled":true,"jetpack_likes_enabled":true,"_links":{"self":[{"href":"https:\/\/comunicadas.com.ar\/index.php\/wp-json\/wp\/v2\/posts\/3488"}],"collection":[{"href":"https:\/\/comunicadas.com.ar\/index.php\/wp-json\/wp\/v2\/posts"}],"about":[{"href":"https:\/\/comunicadas.com.ar\/index.php\/wp-json\/wp\/v2\/types\/post"}],"author":[{"embeddable":true,"href":"https:\/\/comunicadas.com.ar\/index.php\/wp-json\/wp\/v2\/users\/1"}],"replies":[{"embeddable":true,"href":"https:\/\/comunicadas.com.ar\/index.php\/wp-json\/wp\/v2\/comments?post=3488"}],"version-history":[{"count":0,"href":"https:\/\/comunicadas.com.ar\/index.php\/wp-json\/wp\/v2\/posts\/3488\/revisions"}],"wp:featuredmedia":[{"embeddable":true,"href":"https:\/\/comunicadas.com.ar\/index.php\/wp-json\/wp\/v2\/media\/3492"}],"wp:attachment":[{"href":"https:\/\/comunicadas.com.ar\/index.php\/wp-json\/wp\/v2\/media?parent=3488"}],"wp:term":[{"taxonomy":"category","embeddable":true,"href":"https:\/\/comunicadas.com.ar\/index.php\/wp-json\/wp\/v2\/categories?post=3488"},{"taxonomy":"post_tag","embeddable":true,"href":"https:\/\/comunicadas.com.ar\/index.php\/wp-json\/wp\/v2\/tags?post=3488"}],"curies":[{"name":"wp","href":"https:\/\/api.w.org\/{rel}","templated":true}]}}