{"id":3465,"date":"2019-12-29T17:08:31","date_gmt":"2019-12-29T20:08:31","guid":{"rendered":"http:\/\/comunicadas.com.ar\/?p=3465"},"modified":"2019-12-29T17:08:31","modified_gmt":"2019-12-29T20:08:31","slug":"malamadre-la-maternidad-como-trinchera","status":"publish","type":"post","link":"https:\/\/comunicadas.com.ar\/index.php\/2019\/12\/29\/malamadre-la-maternidad-como-trinchera\/","title":{"rendered":"Malamadre, la maternidad como trinchera"},"content":{"rendered":"\n<p>\u00bfQu\u00e9 es ser una buena madre? \u00bfQu\u00e9 requisitos hay que cumplir? \u00bfCu\u00e1l es la mejor forma de criar a unx hije?  Estas preguntas son justamente las que plantea y NO responde Malamadre, porque la respuesta no existe, porque maternar es algo distinto para cada persona gestante. En lugar de buscar una respuesta, expone: expone inseguridades, miedos y visiones de mujeres que van a ser madres o que ya lo son. Rompe con la romantizaci\u00f3n de la maternidad y los mandatos preestablecidos de c\u00f3mo deber\u00edamos sentirnos y c\u00f3mo deber\u00edamos criar a nuestrxs hijes. <\/p>\n\n\n\n<p>A lo largo de la hora y pico que dura el documental, podemos ver historias distintas que nos muestran el costado de traer hijes al mundo que nadie nos cuenta: como la violencia obst\u00e9trica, los momentos en los que se cuestionan el haber sido madres, c\u00f3mo les afecta la mirada de les otres, c\u00f3mo cambi\u00f3 su concepci\u00f3n de la maternidad despu\u00e9s de haber tenido hijes, etc, etc. Malamadre no solo registra los testimonios de todas estas mujeres magistralmente y con una calidez que nos da una sensaci\u00f3n de complicidad con las protagonistas, incluso si no tenemos hijes, sino que, adem\u00e1s, resignifica la palabra \u201cmadre\u201d, acerc\u00e1ndola a la trinchera y alej\u00e1ndola del cuento de hadas.<\/p>\n","protected":false},"excerpt":{"rendered":"<p>\u00bfQu\u00e9 es ser una buena madre? \u00bfQu\u00e9 requisitos hay que cumplir? \u00bfCu\u00e1l es la mejor forma de criar a unx hije? Estas preguntas son justamente las que plantea y NO responde Malamadre, porque la respuesta no existe, porque maternar es algo distinto para cada persona gestante. En lugar de buscar una respuesta, expone: expone inseguridades, [&hellip;]<\/p>\n","protected":false},"author":1,"featured_media":3466,"comment_status":"open","ping_status":"open","sticky":false,"template":"","format":"standard","meta":{"inline_featured_image":false,"_monsterinsights_skip_tracking":false,"_monsterinsights_sitenote_active":false,"_monsterinsights_sitenote_note":"","_monsterinsights_sitenote_category":0,"lzb_camalote_bajada":"","lzb_camalote_fotogalerias_repeater":"","lzb_camalote_fotogalerias_desc":"","lzb_camalote_fotogalerias_autorxs":"%5B%5D","lzb_camalote_post_imagen_destacada":"","lzb_camalote_post_imagen_destacada_fotografx":"","lzb_camalote_post_imagen_destacada_fotografx_url":"","_jetpack_memberships_contains_paid_content":false,"footnotes":""},"categories":[21],"tags":[240,603],"class_list":["post-3465","post","type-post","status-publish","format-standard","has-post-thumbnail","hentry","category-recomendacion","tag-cine","tag-maternidad"],"aioseo_notices":[],"jetpack_featured_media_url":"","jetpack_sharing_enabled":true,"jetpack_likes_enabled":true,"_links":{"self":[{"href":"https:\/\/comunicadas.com.ar\/index.php\/wp-json\/wp\/v2\/posts\/3465"}],"collection":[{"href":"https:\/\/comunicadas.com.ar\/index.php\/wp-json\/wp\/v2\/posts"}],"about":[{"href":"https:\/\/comunicadas.com.ar\/index.php\/wp-json\/wp\/v2\/types\/post"}],"author":[{"embeddable":true,"href":"https:\/\/comunicadas.com.ar\/index.php\/wp-json\/wp\/v2\/users\/1"}],"replies":[{"embeddable":true,"href":"https:\/\/comunicadas.com.ar\/index.php\/wp-json\/wp\/v2\/comments?post=3465"}],"version-history":[{"count":0,"href":"https:\/\/comunicadas.com.ar\/index.php\/wp-json\/wp\/v2\/posts\/3465\/revisions"}],"wp:featuredmedia":[{"embeddable":true,"href":"https:\/\/comunicadas.com.ar\/index.php\/wp-json\/"}],"wp:attachment":[{"href":"https:\/\/comunicadas.com.ar\/index.php\/wp-json\/wp\/v2\/media?parent=3465"}],"wp:term":[{"taxonomy":"category","embeddable":true,"href":"https:\/\/comunicadas.com.ar\/index.php\/wp-json\/wp\/v2\/categories?post=3465"},{"taxonomy":"post_tag","embeddable":true,"href":"https:\/\/comunicadas.com.ar\/index.php\/wp-json\/wp\/v2\/tags?post=3465"}],"curies":[{"name":"wp","href":"https:\/\/api.w.org\/{rel}","templated":true}]}}