{"id":3448,"date":"2019-12-18T17:25:12","date_gmt":"2019-12-18T20:25:12","guid":{"rendered":"http:\/\/comunicadas.com.ar\/?p=3448"},"modified":"2019-12-18T17:25:12","modified_gmt":"2019-12-18T20:25:12","slug":"nace-la-red-de-medios-digitales","status":"publish","type":"post","link":"https:\/\/comunicadas.com.ar\/index.php\/2019\/12\/18\/nace-la-red-de-medios-digitales\/","title":{"rendered":"Nace la Red de Medios Digitales"},"content":{"rendered":"\n<p><strong>Al menos 30 medios de comunicaci\u00f3n comunitarios, autogestivos y populares nos reunimos ayer en el Congreso para lanzar la conformaci\u00f3n de una red que nos nuclea y busca aunar las diversas problem\u00e1ticas que integran nuestros espacios. Una uni\u00f3n para la b\u00fasqueda de una comunicaci\u00f3n democr\u00e1tica.<\/strong><\/p>\n\n\n\n<p><em>Por: Red de Medios Digitales<\/em><\/p>\n\n\n\n<p>Desde periodistas, productorxs y comunicadorxs, hasta fot\u00f3grafxs, dise\u00f1adorxs, gestorxs de redes y documentalistas. En un encuentro que tuvo lugar ayer en el Congreso de la Naci\u00f3n, un grupo de trabajadorxs de prensa que conformamos medios de comunicaci\u00f3n comunitarios, autogestivos, cooperativos, populares y transfeministas presentamos la Red de Medios Digitales. La jornada cont\u00f3 con el apoyo y la participaci\u00f3n referentes de la pol\u00edtica y de la comunicaci\u00f3n que aportaron al debate.<\/p>\n\n\n\n<figure class=\"wp-block-image size-large\"><img decoding=\"async\" src=\"https:\/\/comunicadasdotorg.files.wordpress.com\/2019\/12\/imagen.jpeg?w=1024\" alt=\"\" class=\"wp-image-3451\" \/><figcaption><em> @facuovejerofotografia \/ Red de Medios Digitales <\/em><\/figcaption><\/figure>\n\n\n\n<p>\u201cNos unimos con el objetivo de visibilizar problem\u00e1ticas comunes y proponer pol\u00edticas p\u00fablicas para fortalecer y reconstruir el trabajo en los medios de comunicaci\u00f3n. Somos nativxs digitales y nos desempe\u00f1amos expresando una multiplicidad de voces, acci\u00f3n fundamental para garantizar el derecho a la informaci\u00f3n y el ejercicio de la libertad de expresi\u00f3n\u201d, se manifest\u00f3 en un documento. Una de esas problem\u00e1ticas que menciona hace al contexto en el cual surge el espacio: frente a la p\u00e9rdida de empleos en el sector comunicacional durante el gobierno de Mauricio Macri, es decir, al menos 4500 despidos entre 2016 y 2019.<\/p>\n\n\n\n<figure class=\"wp-block-image size-large\"><img decoding=\"async\" src=\"https:\/\/comunicadasdotorg.files.wordpress.com\/2019\/12\/estadistica.jpeg?w=1024\" alt=\"\" class=\"wp-image-3453\" \/><figcaption><em>Red de Medios Digitales<\/em><\/figcaption><\/figure>\n\n\n\n<p>\u201cEl Estado debe garantizar el acceso a las tecnolog\u00edas que permitan la creaci\u00f3n de contenidos que den cuenta de la diversidad que manifiesta nuestra sociedad\u201d, expres\u00f3 en el encuentro Dami\u00e1n Loreti, abogado y doctor en Ciencias de la Informaci\u00f3n. Tambi\u00e9n mostraron su apoyo a la red la docente e investigadora Larisa Kejval; Tato Dondero, secretario general del Sindicato de Prensa de Buenos Aires; el diputado nacional Leonardo Grosso; el reportero gr\u00e1fico Julio Menajovsky y representantes del Instituto Nacional contra la Discriminaci\u00f3n, la Xenofobia y el Racismo (INADI), entre otrxs.<\/p>\n\n\n\n<h2 class=\"wp-block-heading\" id=\"166b\">Una construcci\u00f3n identitaria<\/h2>\n\n\n\n<p>\u201cUna esfera democr\u00e1tica tiene dos caras de una misma moneda. Una tiene que ver con el control de la concentraci\u00f3n de medios. Pero la otra con que el sistema de medios se fue complejizando. La articulaci\u00f3n con comunidades, universidades y una l\u00f3gica no comercial garantiza la diversificaci\u00f3n de agenda. En un momento de crisis para algunos modelos de negocios cl\u00e1sicos se hace imprescindible un esquema de sostenibilidad\u201d, manifest\u00f3 Diego de Charras, director de la carrera de Comunicaci\u00f3n de la UBA, en la jornada.<\/p>\n\n\n\n<p>Por su parte la investigadora y doctora en Ciencias Sociales Cora Gamarnik, reflexion\u00f3 acerca de la importancia del registro alternativo de los ejes que no se contemplan en las agendas tradicionales. \u201cLos medios digitales que se han creado ampliaron la instalaci\u00f3n de nuevos temas de agenda plurales, federales, regionales. Permitieron la emergencia de nuevos gestorxs, periodistas, dise\u00f1adorxs. Generaron renovaciones est\u00e9ticas radicalmente nuevas\u201d.<\/p>\n\n\n\n<p>Gamarnik dio el ejemplo de las coberturas colaborativas y feministas. La puja por la construcci\u00f3n de una memoria que incluya a las mujeres y las disidencias se ve reflejada en los contenidos diarios de los medios digitales. Los datos de la encuesta arrojaron que el 47 por ciento de lxs trabajadorxs son mujeres y el 11 por ciento lo integran personas del colectivo LGTTBIQ+.<\/p>\n\n\n\n<p>\u201cUna de las ense\u00f1anzas que nos dej\u00f3 el macrismo es ganar la calle y generar mejor organizaci\u00f3n. Y en esa lucha, el feminismo demostr\u00f3 que dentro del sindicalismo se pueden dar discusiones que de otro modo no se dan. Las feministas creamos medios porque no estamos en los comerciales y hegem\u00f3nicos, por eso celebro que estemos ac\u00e1 las pibas ocupando tanto espacio\u201d, dijo Luc\u00eda R\u00edos integrante de Matria y periodista de la Agencia de Noticias T\u00e9lam, despedida durante la gesti\u00f3n de Hern\u00e1n Lombardi.<\/p>\n\n\n\n<p>En sinton\u00eda con esa idea, Jenny Dur\u00e1n, de la Campa\u00f1a por el Aborto Legal, Seguro y Gratuito, reconoci\u00f3 que la tarea de nuestros medios funcionan para recuperar las historias colectivas y de lucha: \u201cNunca dejaron de lado la calidad y otras formas de crear contenidos. Formaron parte de la transformaci\u00f3n de la democracia hacia una sistema que verdaderamente nos represente a todas, todos y todes\u201d.<\/p>\n\n\n\n<p><em>Estuvieron presentes: LatFem, Matria, Emergentes, Grito Del Sur, Cosecha Roja, Anfibia, Tiempo Argentino, Marcha Noticias, MU\/lavaca, Revista Crisis, Feminacida, Macacha, C\u00edtrica, Comunicadas, La Retaguardia, Agencia Paco Urondo, FutFemProf, C\u00edrculo Ecuador, CCP, Resumen Latinoamericano, Revista Mantis, Zorzal Diario, Enfant Terrible, Apostas\u00eda de G\u00e9nero de Latinoam\u00e9rica, Bolet\u00edn Enredando, Anred, Revista Rea, Infonews, Reveladas, Ponele, Revista Timb\u00f3, ANCAP, AnCCom, Colectivo Al Margen, Agencia de Prensa Alternativa (Tucum\u00e1n), En el Subte.com y Revista Resistencias.<\/em><\/p>\n","protected":false},"excerpt":{"rendered":"<p>Al menos 30 medios de comunicaci\u00f3n comunitarios, autogestivos y populares nos reunimos ayer en el Congreso para lanzar la conformaci\u00f3n de una red que nos nuclea y busca aunar las diversas problem\u00e1ticas que integran nuestros espacios. Una uni\u00f3n para la b\u00fasqueda de una comunicaci\u00f3n democr\u00e1tica.<\/p>\n","protected":false},"author":1,"featured_media":3455,"comment_status":"open","ping_status":"open","sticky":false,"template":"","format":"standard","meta":{"inline_featured_image":false,"_monsterinsights_skip_tracking":false,"_monsterinsights_sitenote_active":false,"_monsterinsights_sitenote_note":"","_monsterinsights_sitenote_category":0,"lzb_camalote_bajada":"","lzb_camalote_fotogalerias_repeater":"","lzb_camalote_fotogalerias_desc":"","lzb_camalote_fotogalerias_autorxs":"%5B%5D","lzb_camalote_post_imagen_destacada":"","lzb_camalote_post_imagen_destacada_fotografx":"","lzb_camalote_post_imagen_destacada_fotografx_url":"","_jetpack_memberships_contains_paid_content":false,"footnotes":""},"categories":[1],"tags":[],"class_list":["post-3448","post","type-post","status-publish","format-standard","has-post-thumbnail","hentry","category-sin-categoria"],"aioseo_notices":[],"jetpack_featured_media_url":"https:\/\/comunicadas.com.ar\/wp-content\/uploads\/2019\/12\/compu-1.jpg","jetpack_sharing_enabled":true,"jetpack_likes_enabled":true,"_links":{"self":[{"href":"https:\/\/comunicadas.com.ar\/index.php\/wp-json\/wp\/v2\/posts\/3448"}],"collection":[{"href":"https:\/\/comunicadas.com.ar\/index.php\/wp-json\/wp\/v2\/posts"}],"about":[{"href":"https:\/\/comunicadas.com.ar\/index.php\/wp-json\/wp\/v2\/types\/post"}],"author":[{"embeddable":true,"href":"https:\/\/comunicadas.com.ar\/index.php\/wp-json\/wp\/v2\/users\/1"}],"replies":[{"embeddable":true,"href":"https:\/\/comunicadas.com.ar\/index.php\/wp-json\/wp\/v2\/comments?post=3448"}],"version-history":[{"count":0,"href":"https:\/\/comunicadas.com.ar\/index.php\/wp-json\/wp\/v2\/posts\/3448\/revisions"}],"wp:featuredmedia":[{"embeddable":true,"href":"https:\/\/comunicadas.com.ar\/index.php\/wp-json\/wp\/v2\/media\/3455"}],"wp:attachment":[{"href":"https:\/\/comunicadas.com.ar\/index.php\/wp-json\/wp\/v2\/media?parent=3448"}],"wp:term":[{"taxonomy":"category","embeddable":true,"href":"https:\/\/comunicadas.com.ar\/index.php\/wp-json\/wp\/v2\/categories?post=3448"},{"taxonomy":"post_tag","embeddable":true,"href":"https:\/\/comunicadas.com.ar\/index.php\/wp-json\/wp\/v2\/tags?post=3448"}],"curies":[{"name":"wp","href":"https:\/\/api.w.org\/{rel}","templated":true}]}}