{"id":3431,"date":"2019-12-07T14:34:45","date_gmt":"2019-12-07T17:34:45","guid":{"rendered":"http:\/\/comunicadas.com.ar\/?p=3431"},"modified":"2019-12-07T14:34:45","modified_gmt":"2019-12-07T17:34:45","slug":"elecciones-en-boca-por-primera-vez-todas-las-listas-de-candidatos-llevan-mujeres","status":"publish","type":"post","link":"https:\/\/comunicadas.com.ar\/index.php\/2019\/12\/07\/elecciones-en-boca-por-primera-vez-todas-las-listas-de-candidatos-llevan-mujeres\/","title":{"rendered":"Elecciones en Boca: por primera vez todas las listas de candidatos llevan mujeres"},"content":{"rendered":"\n<p>La previa a las elecciones en Boca tiene todos los ojos puestos en el club de la Ribera. No es para menos, ya que podr\u00edan significar el fin de ciclo del macrismo dentro del club de la mano del ex jugador, Juan Rom\u00e1n Riquelme. Pero, la novedad (y la cr\u00edtica) est\u00e1 puesta en el rol de la mujer. Es que por primera vez las tres listas para las elecciones llevan, por lo menos, una mujer.&nbsp;<\/p>\n\n\n\n<p>La mitad m\u00e1s vos, Identidad Xeneize y Volver a ganar son las tres listas para las elecciones en Boca que tuvieron que dar un espacio activo de la participaci\u00f3n femenina en la pol\u00edtica. Giselle Ercolino por Christian Gribaudo, Adriana Bravo por Jorge Amor Ameal y Luciana Soledad Monje y Paula In\u00e9s Seminara por Jos\u00e9 Beraldi.<br><\/p>\n\n\n\n<p>Aunque no llegan al 5% del cupo de 20% establecido por la Ley del Deporte, las mujeres de las listas van, adem\u00e1s, como candidatas de vocales suplentes, todav\u00eda se espera la modificaci\u00f3n de los estatutos de los clubes con respecto a este punto.&nbsp;<\/p>\n\n\n\n<p>Al respecto Florencia Gastaminza, representante feminista de \u201cG\u00e9nero y Diversidad Xeneize\u201d La Plata e integrante de la Red de Feminismo Xeneize sostuvo \u201cLo que falta para que la mujer tenga protagonismo real en la toma de decisiones es, en primer lugar, la representatividad en las listas. Notamos que no se est\u00e1 respondiendo al cupo que exige la Ley del Deporte en las comisiones directivas donde hubo 4 mujeres en las 3 listas\u201d.&nbsp;<\/p>\n\n\n\n<p>Tambi\u00e9n consider\u00f3 que \u201cpara poder tener protagonismo (la mujer) tiene que estar participando y habitando todos los espacios y departamentos. No solo estar dedicadas a las tareas de las mujeres o infancias. Tenemos que estar tambi\u00e9n decidiendo por el pase de los jugadores, pensando y armando proyectos para la estructura del estadio y la econom\u00eda del club\u201d.&nbsp;<br><\/p>\n\n\n\n<p><strong>\u00bfQui\u00e9nes son las integrantes de las listas?<br><\/strong><\/p>\n\n\n\n<p>El domingo 8 de diciembre se llevar\u00e1n a cabo las elecciones en Boca y tres listas se disputar\u00e1n los votos de los socios y socias que se acerquen a la Bombonera, entre las 9 y las 18. Las integrantes entienden que el rol de la mujer dentro de la dirigencia deportiva hoy es tan necesario como indiscutible y creen que su participaci\u00f3n es el puntapi\u00e9 inicial para generar espacios de igualdad.&nbsp;<\/p>\n\n\n\n<p>En la lista de Gribaudo encontramos a Giselle Ercolino. Tiene 34 a\u00f1os, trabaja en un juzgado de CABA y es del barrio de La Boca de toda la vida. Se asoci\u00f3 en el a\u00f1o 95 al club en el que practic\u00f3 disciplinas como gimnasia deportiva y r\u00edtmica. Empez\u00f3 a participar activamente en la vida pol\u00edtica del club en 2003 y se adhiri\u00f3 a la agrupaci\u00f3n oficialista Boca es Boca, presidida por Carlos Aguas. (*)<\/p>\n\n\n\n<p>Adriana Bravo tiene 37 a\u00f1os y es socia del club desde 2009. Trabaja en la agrupaci\u00f3n de Ameal desde hace siete a\u00f1os y tambi\u00e9n hab\u00eda sido candidata a vocal suplente en las elecciones de 2015. (*)<br><\/p>\n\n\n\n<p>Luciana Soledad Monje es uno de los nombres m\u00e1s conocidos y va en la lista de Beraldi. Tiene 43 a\u00f1os y es Ingeniera en sistemas con un posgrado en Marketing. Fue socia de Boca desde peque\u00f1a y volvi\u00f3 a asociarse al club en el 97 tras un bache en medio. Fund\u00f3 La Mitad+1, el primer sitio web no oficial partidario que hoy cuenta con m\u00e1s de 3 millones de seguidores redes sociales. (*)<br><\/p>\n\n\n\n<p>Tambi\u00e9n con Beraldi, Paula Seminara tiene 42 a\u00f1os y es contadora P\u00fablica que trabaja en el rubro de la construcci\u00f3n. Se asoci\u00f3 a Boca a los 18 a\u00f1os y empez\u00f3 a trabajar en el club en 2006. Fue la primera presidenta de la Filial de La Matanza, donde llev\u00f3 adelante trabajos sociales y comunitarios en comedores de la zona, como tambi\u00e9n proyectos culturales y deportivos representando los colores de la instituci\u00f3n. Por sus labores le ofrecieron coordinar el departamento de Filiales (formado por 12 del conurbano) y presidi\u00f3 la secretar\u00eda de la Mujer por casi un a\u00f1o. (*)<br><\/p>\n\n\n\n<p><strong>El club y las pol\u00edticas de g\u00e9nero<br><\/strong><\/p>\n\n\n\n<p>A partir del 2015, cuando el movimiento feminista comenz\u00f3 a tomar las calles y participaci\u00f3n activa en la agenda y en cada uno de los aspectos de la sociedad, tambi\u00e9n interpelo al f\u00fatbol y ahora cada una de las listas de candidatos tienen propuestas para una mayor integraci\u00f3n de la mujer a Boca.<\/p>\n\n\n\n<p>Florencia Gastaminza asegur\u00f3 que en el club no hay pol\u00edticas de g\u00e9nero transversales. Agreg\u00f3 que \u201chay actividades aisladas que est\u00e1n destinadas a las mujeres. Desconociendo e invisibilizando que hay otros colectivos que no corresponden a la masculinidad hegem\u00f3nica que tambi\u00e9n son violentados, silenciados y subordinados por la violencia machista. Esos colectivos disidentes est\u00e1n invisibilizados en las propuestas. Son pol\u00edticas aisladas y no transversales (...) no est\u00e1n pensadas por personas que tengan formaci\u00f3n en g\u00e9nero y visi\u00f3n feminista\u201d.<\/p>\n\n\n\n<p>Gastaminza pertenece a G\u00e9nero y Diversidad Xeneize, su espacio comenz\u00f3 a militar en la Pe\u00f1a \u201cLxs Xeneizes de La Plata\u201d, donde participaba de la Secretar\u00eda de G\u00e9nero. Hace unos d\u00edas denunciaron desde las redes sociales que, luego de expresar el posicionamiento a favor por el Frente para Recuperar la Identidad Xeneize, sufrieron agresiones por parte de compa\u00f1eros de su espacio, por lo que decidieron desvincularse.\u00a0<\/p>\n\n\n\n<figure class=\"wp-block-image size-large\"><img decoding=\"async\" src=\"https:\/\/comunicadasdotorg.files.wordpress.com\/2019\/12\/img_9621-2.jpg?w=1024\" alt=\"\" class=\"wp-image-3437\" \/><figcaption>Segundo Encuentro de Mujeres Xeneizes con Ameal y Pergolini.<\/figcaption><\/figure>\n\n\n\n<p>Consultada sobre el apoyo a la lista de Ameal y las propuestas que deber\u00edan encarar desde este espacio considero que \u201cuna de las propuestas que podr\u00eda encarar la gesti\u00f3n de Ameal, considerando que hay muchas socias que participan del Frente que compartimos perspectiva y posici\u00f3n feminista, ser\u00eda interesante tomar eso como potencial y proponer un espacio participativo en el cual las socias podamos realizar un diagn\u00f3stico colectivo sobre cu\u00e1l es la situaci\u00f3n actual del club en relaci\u00f3n a las problem\u00e1ticas de g\u00e9nero\u201d. Adem\u00e1s, de \u201ccomenzar a instalar estos discursos que buscan una manera de habitar las instituciones m\u00e1s igualitaria y esto implica cuestionar sentidos muy arraigados que motorizan la vida cotidiana del club. Una de las propuestas deber\u00eda ser poder hacer circular estas tem\u00e1ticas para generar procesos de concientizaci\u00f3n, de intercambio entre los trabajadores y trabajadoras, dirigentes y dirigentas, y jugadores y jugadoras para que las problem\u00e1ticas de g\u00e9nero empiecen a ser un tema que est\u00e9 puesto en la agenda pol\u00edtica del club y que se asuma y los integrantes de la vida institucional del club puedan asumir la responsabilidad y el compromiso de generar un futuro m\u00e1s justo dentro del mundo de Boca\u201d.<\/p>\n\n\n\n<p class=\"has-small-font-size\"><em>(*) Fuente: Infobae<\/em><\/p>\n","protected":false},"excerpt":{"rendered":"<p>La previa a las elecciones en Boca tiene todos los ojos puestos en el club de la Ribera. No es para menos, ya que podr\u00edan significar el fin de ciclo del macrismo dentro del club de la mano del ex jugador, Juan Rom\u00e1n Riquelme. Pero, la novedad (y la cr\u00edtica) est\u00e1 puesta en el rol [&hellip;]<\/p>\n","protected":false},"author":1,"featured_media":3436,"comment_status":"open","ping_status":"open","sticky":false,"template":"","format":"standard","meta":{"inline_featured_image":false,"_monsterinsights_skip_tracking":false,"_monsterinsights_sitenote_active":false,"_monsterinsights_sitenote_note":"","_monsterinsights_sitenote_category":0,"lzb_camalote_bajada":"","lzb_camalote_fotogalerias_repeater":"","lzb_camalote_fotogalerias_desc":"","lzb_camalote_fotogalerias_autorxs":"%5B%5D","lzb_camalote_post_imagen_destacada":"","lzb_camalote_post_imagen_destacada_fotografx":"","lzb_camalote_post_imagen_destacada_fotografx_url":"","_jetpack_memberships_contains_paid_content":false,"footnotes":""},"categories":[19],"tags":[306],"class_list":["post-3431","post","type-post","status-publish","format-standard","has-post-thumbnail","hentry","category-noticias","tag-deportes"],"aioseo_notices":[],"jetpack_featured_media_url":"https:\/\/comunicadas.com.ar\/wp-content\/uploads\/2019\/12\/0857da48-969a-4cf4-ae3e-52cd9dbc20db-1.jpg","jetpack_sharing_enabled":true,"jetpack_likes_enabled":true,"_links":{"self":[{"href":"https:\/\/comunicadas.com.ar\/index.php\/wp-json\/wp\/v2\/posts\/3431"}],"collection":[{"href":"https:\/\/comunicadas.com.ar\/index.php\/wp-json\/wp\/v2\/posts"}],"about":[{"href":"https:\/\/comunicadas.com.ar\/index.php\/wp-json\/wp\/v2\/types\/post"}],"author":[{"embeddable":true,"href":"https:\/\/comunicadas.com.ar\/index.php\/wp-json\/wp\/v2\/users\/1"}],"replies":[{"embeddable":true,"href":"https:\/\/comunicadas.com.ar\/index.php\/wp-json\/wp\/v2\/comments?post=3431"}],"version-history":[{"count":0,"href":"https:\/\/comunicadas.com.ar\/index.php\/wp-json\/wp\/v2\/posts\/3431\/revisions"}],"wp:featuredmedia":[{"embeddable":true,"href":"https:\/\/comunicadas.com.ar\/index.php\/wp-json\/wp\/v2\/media\/3436"}],"wp:attachment":[{"href":"https:\/\/comunicadas.com.ar\/index.php\/wp-json\/wp\/v2\/media?parent=3431"}],"wp:term":[{"taxonomy":"category","embeddable":true,"href":"https:\/\/comunicadas.com.ar\/index.php\/wp-json\/wp\/v2\/categories?post=3431"},{"taxonomy":"post_tag","embeddable":true,"href":"https:\/\/comunicadas.com.ar\/index.php\/wp-json\/wp\/v2\/tags?post=3431"}],"curies":[{"name":"wp","href":"https:\/\/api.w.org\/{rel}","templated":true}]}}