{"id":3421,"date":"2019-10-26T23:03:03","date_gmt":"2019-10-27T02:03:03","guid":{"rendered":"http:\/\/comunicadas.com.ar\/?p=3421"},"modified":"2019-10-26T23:03:03","modified_gmt":"2019-10-27T02:03:03","slug":"comunicadas-recomienda-inconcebible-netflix","status":"publish","type":"post","link":"https:\/\/comunicadas.com.ar\/index.php\/2019\/10\/26\/comunicadas-recomienda-inconcebible-netflix\/","title":{"rendered":"Comunicadas recomienda: Inconcebible (Netflix)"},"content":{"rendered":"\n<p> \u00bfC\u00f3mo es la v\u00edctima ideal de una violaci\u00f3n? \u00bfC\u00f3mo tiene que reaccionar? Muchas veces escuchamos cuestionamientos, solapados o directos, a las v\u00edctimas por no actuar como el imaginario social considera que deber\u00edan actuar. Una persona v\u00edctima de una violaci\u00f3n pierde credibilidad si ten\u00eda una vida sexual activa antes del hecho y si la tiene despu\u00e9s, si era \u201cfan\u00e1tica de los boliches\u201d, si no se queda encerrada en su casa llorando y sufriendo. .<br>.<br>Ese imaginario social se traduce en hechos concretos y est\u00e1 alimentado por el sistema judicial y los medios, que juzgan a las v\u00edctimas con el ojo del patriarcado. Esto nos muestra la serie \u201cInconcebible\u201d, lamentablemente basada en hechos reales. Es un policial sobre un violador serial, pero m\u00e1s all\u00e1 de la investigaci\u00f3n y todas esas cosas a las que nos tienen acostumbrades los policiales, Inconcebible muestra c\u00f3mo la polic\u00eda, el sistema judicial y los medios revictimizan a estas mujeres, oblig\u00e1ndolas a contar lo que padecieron una y otra vez para llenar m\u00e1s y m\u00e1s papeles y las marcan como principales sospechosas porque no reaccionan de la forma en que elles creen que deber\u00edan.<br>.<br>Inconcebible muestra una polic\u00eda sin capacitaci\u00f3n para tratar casos de violencia sexual y a un sistema judicial sin perspectiva de g\u00e9nero. El centro de la serie es mostrar esta lamentable realidad, m\u00e1s que en los detalles morbosos de las violaciones o en descubrir la \u201cpsicolog\u00eda\u201d del violador serial. Inconcebible se mete con lo realmente inconcebible: que se ponga en duda a la v\u00edctima. <\/p>\n","protected":false},"excerpt":{"rendered":"<p>Comunicadas recomienda Inconcebible (Netflix) <\/p>\n","protected":false},"author":1,"featured_media":3423,"comment_status":"open","ping_status":"open","sticky":false,"template":"","format":"standard","meta":{"inline_featured_image":false,"_monsterinsights_skip_tracking":false,"_monsterinsights_sitenote_active":false,"_monsterinsights_sitenote_note":"","_monsterinsights_sitenote_category":0,"lzb_camalote_bajada":"","lzb_camalote_fotogalerias_repeater":"","lzb_camalote_fotogalerias_desc":"","lzb_camalote_fotogalerias_autorxs":"%5B%5D","lzb_camalote_post_imagen_destacada":"","lzb_camalote_post_imagen_destacada_fotografx":"","lzb_camalote_post_imagen_destacada_fotografx_url":"","_jetpack_memberships_contains_paid_content":false,"footnotes":""},"categories":[21],"tags":[454,662,825],"class_list":["post-3421","post","type-post","status-publish","format-standard","has-post-thumbnail","hentry","category-recomendacion","tag-inconcebible","tag-netflix","tag-series"],"aioseo_notices":[],"jetpack_featured_media_url":"https:\/\/comunicadas.com.ar\/wp-content\/uploads\/2019\/10\/whatsapp-image-2019-10-20-at-13.31.25-1.jpeg","jetpack_sharing_enabled":true,"jetpack_likes_enabled":true,"_links":{"self":[{"href":"https:\/\/comunicadas.com.ar\/index.php\/wp-json\/wp\/v2\/posts\/3421"}],"collection":[{"href":"https:\/\/comunicadas.com.ar\/index.php\/wp-json\/wp\/v2\/posts"}],"about":[{"href":"https:\/\/comunicadas.com.ar\/index.php\/wp-json\/wp\/v2\/types\/post"}],"author":[{"embeddable":true,"href":"https:\/\/comunicadas.com.ar\/index.php\/wp-json\/wp\/v2\/users\/1"}],"replies":[{"embeddable":true,"href":"https:\/\/comunicadas.com.ar\/index.php\/wp-json\/wp\/v2\/comments?post=3421"}],"version-history":[{"count":0,"href":"https:\/\/comunicadas.com.ar\/index.php\/wp-json\/wp\/v2\/posts\/3421\/revisions"}],"wp:featuredmedia":[{"embeddable":true,"href":"https:\/\/comunicadas.com.ar\/index.php\/wp-json\/wp\/v2\/media\/3423"}],"wp:attachment":[{"href":"https:\/\/comunicadas.com.ar\/index.php\/wp-json\/wp\/v2\/media?parent=3421"}],"wp:term":[{"taxonomy":"category","embeddable":true,"href":"https:\/\/comunicadas.com.ar\/index.php\/wp-json\/wp\/v2\/categories?post=3421"},{"taxonomy":"post_tag","embeddable":true,"href":"https:\/\/comunicadas.com.ar\/index.php\/wp-json\/wp\/v2\/tags?post=3421"}],"curies":[{"name":"wp","href":"https:\/\/api.w.org\/{rel}","templated":true}]}}