{"id":3406,"date":"2019-09-19T10:46:38","date_gmt":"2019-09-19T13:46:38","guid":{"rendered":"http:\/\/comunicadas.com.ar\/?p=3406"},"modified":"2019-09-19T10:46:38","modified_gmt":"2019-09-19T13:46:38","slug":"medios-contra-el-sexismo-en-el-periodismo-y-la-publicidad","status":"publish","type":"post","link":"https:\/\/comunicadas.com.ar\/index.php\/2019\/09\/19\/medios-contra-el-sexismo-en-el-periodismo-y-la-publicidad\/","title":{"rendered":"Medios: Contra el sexismo en el periodismo y la publicidad"},"content":{"rendered":"\n<p style=\"background-color:#4c0c6e;\" class=\"has-text-color has-background has-very-light-gray-color\"><strong>44 instituciones y organizaciones del periodismo y la publicidad de todo el pa\u00eds firmaron un Acuerdo Compromiso en Pol\u00edticas de G\u00e9nero para el Periodismo y la Publicidad en el que se comprometen a reducir el sexismo hacia adentro de sus industrias, tanto en los contenidos como en las pr\u00e1cticas laborales.<\/strong><\/p>\n\n\n\n<p><\/p>\n\n\n\n<p>Hace unos d\u00edas se realiz\u00f3 el <strong>Foro Nacional de Pol\u00edticas de G\u00e9nero en Periodismo y Publicidad<\/strong> en la Facultad de Ciencias Sociales de la Universidad de Buenos Aires, y en dicho contexto,<strong> m\u00e1s de 40 instituciones y organizaciones <\/strong>que trabajan analizando y construyendo comunicaci\u00f3n con perspectiva de g\u00e9nero tanto en el periodismo como en la publicidad, firmaron un <strong>acuerdo por seguir reduciendo el sexismo hacia dentro de estas dos industrias<\/strong> tanto en la realizaci\u00f3n de contenidos como en las pr\u00e1cticas laborales.<\/p>\n\n\n\n<figure class=\"wp-block-image\"><img decoding=\"async\" src=\"http:\/\/comunicadas.com.ar\/wp-content\/uploads\/2019\/09\/70706931_2013047108797402_3190387546685177856_o-1.jpg\" alt=\"\" \/><figcaption>Organizaciones y profesionales del periodismo y la publicidad. PH: Comunicaci\u00f3n por la Igualdad<\/figcaption><\/figure>\n\n\n\n<p><em>\"El Acuerdo fue pensado como un compromiso de las instituciones y organizaciones firmantes, pero tambi\u00e9n como una herramienta para que trabajadoras\/es, estudiantes y activistas sindicales que participan de estos espacios puedan reclamar la democratizaci\u00f3n de los mismos. Firmaron 15 agencias de publicidad, 9 empresas period\u00edsticas, 7 instituciones acad\u00e9micas, 6 asociaciones y redes profesionales, 3 sindicatos de prensa, 3 c\u00e1maras empresarias y 1 organismo del Estado de todo el pa\u00eds; quedando abierto para que sumen nuevas organizaciones e instituciones\"<\/em> expresa el comunicado difundido por la Asociaci\u00f3n Civil Comunicaci\u00f3n por la Igualdad que impuls\u00f3 el Foro junto a la Fundaci\u00f3n para el Desarrollo de Pol\u00edticas Sustentables (Fundeps) y con apoyo de la Fundaci\u00f3n Heinrich Boll.<\/p>\n","protected":false},"excerpt":{"rendered":"<p>44 instituciones y organizaciones del periodismo y la publicidad de todo el pa\u00eds firmaron un Acuerdo Compromiso en Pol\u00edticas de G\u00e9nero para el Periodismo y la Publicidad en el que se comprometen a reducir el sexismo hacia adentro de sus industrias, tanto en los contenidos como en las pr\u00e1cticas laborales. Hace unos d\u00edas se realiz\u00f3 [&hellip;]<\/p>\n","protected":false},"author":1,"featured_media":3408,"comment_status":"open","ping_status":"open","sticky":false,"template":"","format":"standard","meta":{"inline_featured_image":false,"_monsterinsights_skip_tracking":false,"_monsterinsights_sitenote_active":false,"_monsterinsights_sitenote_note":"","_monsterinsights_sitenote_category":0,"lzb_camalote_bajada":"","lzb_camalote_fotogalerias_repeater":"","lzb_camalote_fotogalerias_desc":"","lzb_camalote_fotogalerias_autorxs":"%5B%5D","lzb_camalote_post_imagen_destacada":"","lzb_camalote_post_imagen_destacada_fotografx":"","lzb_camalote_post_imagen_destacada_fotografx_url":"","_jetpack_memberships_contains_paid_content":false,"footnotes":""},"categories":[1],"tags":[],"class_list":["post-3406","post","type-post","status-publish","format-standard","has-post-thumbnail","hentry","category-sin-categoria"],"aioseo_notices":[],"jetpack_featured_media_url":"https:\/\/comunicadas.com.ar\/wp-content\/uploads\/2019\/09\/70282222_2013037515465028_5356578281225191424_o-1.jpg","jetpack_sharing_enabled":true,"jetpack_likes_enabled":true,"_links":{"self":[{"href":"https:\/\/comunicadas.com.ar\/index.php\/wp-json\/wp\/v2\/posts\/3406"}],"collection":[{"href":"https:\/\/comunicadas.com.ar\/index.php\/wp-json\/wp\/v2\/posts"}],"about":[{"href":"https:\/\/comunicadas.com.ar\/index.php\/wp-json\/wp\/v2\/types\/post"}],"author":[{"embeddable":true,"href":"https:\/\/comunicadas.com.ar\/index.php\/wp-json\/wp\/v2\/users\/1"}],"replies":[{"embeddable":true,"href":"https:\/\/comunicadas.com.ar\/index.php\/wp-json\/wp\/v2\/comments?post=3406"}],"version-history":[{"count":0,"href":"https:\/\/comunicadas.com.ar\/index.php\/wp-json\/wp\/v2\/posts\/3406\/revisions"}],"wp:featuredmedia":[{"embeddable":true,"href":"https:\/\/comunicadas.com.ar\/index.php\/wp-json\/wp\/v2\/media\/3408"}],"wp:attachment":[{"href":"https:\/\/comunicadas.com.ar\/index.php\/wp-json\/wp\/v2\/media?parent=3406"}],"wp:term":[{"taxonomy":"category","embeddable":true,"href":"https:\/\/comunicadas.com.ar\/index.php\/wp-json\/wp\/v2\/categories?post=3406"},{"taxonomy":"post_tag","embeddable":true,"href":"https:\/\/comunicadas.com.ar\/index.php\/wp-json\/wp\/v2\/tags?post=3406"}],"curies":[{"name":"wp","href":"https:\/\/api.w.org\/{rel}","templated":true}]}}