{"id":3400,"date":"2019-09-16T12:53:09","date_gmt":"2019-09-16T15:53:09","guid":{"rendered":"http:\/\/comunicadas.com.ar\/?p=3400"},"modified":"2019-09-16T12:53:09","modified_gmt":"2019-09-16T15:53:09","slug":"informe-sobre-nineces-trans-en-la-legislatura-bonaerense","status":"publish","type":"post","link":"https:\/\/comunicadas.com.ar\/index.php\/2019\/09\/16\/informe-sobre-nineces-trans-en-la-legislatura-bonaerense\/","title":{"rendered":"Informe sobre ni\u00f1eces trans en la Legislatura bonaerense"},"content":{"rendered":"\n<p style=\"background-color:#d1003f;\" class=\"has-text-color has-background has-very-light-gray-color\"><strong>Hoy lunes, la Asociaci\u00f3n Civil Infancias Libres a cargo de Gabriela Mansilla, presenta un informe completo sobre ni\u00f1eces trans en la Legislatura bonaerense. Gabriela, es la mam\u00e1 de Luana, la primera ni\u00f1a trans en obtener en 2013, su DNI de acuerdo a su g\u00e9nero autopercibido.<\/strong><\/p>\n\n\n\n<p><\/p>\n\n\n\n<p>Seg\u00fan <a href=\"https:\/\/www.pagina12.com.ar\/218301-informe-sobre-nineces-trans\">P\u00e1gina 12<\/a>, se trata de un extenso relevamiento, en base a <strong>entrevistas a madres, padres y otros adultos responsables de ni\u00f1eces trans<\/strong> que se acercaron a la Asociaci\u00f3n Civil Infancias Libres buscando acompa\u00f1amiento, informaci\u00f3n y contenci\u00f3n. <strong>S\u00f3lo el 6 por ciento de las familias<\/strong>, tuvo como primera reacci\u00f3n la <strong>aceptaci\u00f3n del sentir de sus hijxs<\/strong>, sin vincularlo con un malestar o padecer, se\u00f1ala el estudio. <strong>Un 35 por ciento busc\u00f3 ayuda<\/strong> para entender qu\u00e9 les estaba pasando y la mayor\u00eda intent\u00f3 encontrarla en un profesional de la salud, mayormente, psic\u00f3logxs, pero la experiencia en 8 de cada 10 casos, no fue satisfactoria. Otro dato preocupante es que, <strong>el 36 por ciento de las familias que realizaron el tr\u00e1mite de rectificaci\u00f3n del DNI tuvieron dificultades<\/strong> para poder terminar el tr\u00e1mite, principalmente en oficinas del Registro Civil del Gran Buenos Aires.<\/p>\n\n\n\n<div class=\"wp-block-image\"><figure class=\"aligncenter is-resized\"><img loading=\"lazy\" decoding=\"async\" src=\"https:\/\/comunicadasdotorg.files.wordpress.com\/2019\/09\/luana.jpg\" alt=\"\" width=\"465\" height=\"279\" \/><figcaption>Luana, primer ni\u00f1a trans  en obtener su DNI con identidad autopercibida sin judicializaci\u00f3n.<\/figcaption><\/figure><\/div>\n\n\n\n<p><br>En relaci\u00f3n a las instituciones educativas, la encuesta encontr\u00f3 que <strong>6 de cada 10 colegios \u201cno se encontraron preparados\u201d<\/strong> para brindar una respuesta adecuada a las experiencias de lxs chiques. <strong>El 40 por ciento de las familias mencion\u00f3 que las instituciones no escucharon las necesidades<\/strong> de sus hijxs, mientras que el 30 por ciento, dijo que s\u00ed. El relevamiento detect\u00f3 en el \u00e1mbito privado \u201cmayor reticencia\u201d ante a las experiencias de lxs ni\u00f1xs y adolescentes trans, que el sector p\u00fablico.  <\/p>\n\n\n\n<p><br><em>\u201cIndagamos sobre temas vinculados con las propias ni\u00f1eces, los primeros momentos donde expresaban sus sentires, y como fueron recibidos por las distintas familias\u201d<\/em>, cont\u00f3 Gabriela Mansilla al medio. El objetivo principal del informe, aclar\u00f3, es <em>\u201cbrindar datos sobre las infancias trans, visibilizando sus experiencias y dando a conocer cu\u00e1les son los principales obst\u00e1culos que experimentan en el camino por expresar y vivir su identidad tal cual son\u201d.<\/em><\/p>\n","protected":false},"excerpt":{"rendered":"<p>Hoy lunes, la Asociaci\u00f3n Civil Infancias Libres a cargo de Gabriela Mansilla, presenta un informe completo sobre ni\u00f1eces trans en la Legislatura bonaerense. Gabriela, es la mam\u00e1 de Luana, la primera ni\u00f1a trans en obtener en 2013, su DNI de acuerdo a su g\u00e9nero autopercibido. Seg\u00fan P\u00e1gina 12, se trata de un extenso relevamiento, en [&hellip;]<\/p>\n","protected":false},"author":1,"featured_media":3401,"comment_status":"open","ping_status":"open","sticky":false,"template":"","format":"standard","meta":{"inline_featured_image":false,"_monsterinsights_skip_tracking":false,"_monsterinsights_sitenote_active":false,"_monsterinsights_sitenote_note":"","_monsterinsights_sitenote_category":0,"lzb_camalote_bajada":"","lzb_camalote_fotogalerias_repeater":"","lzb_camalote_fotogalerias_desc":"","lzb_camalote_fotogalerias_autorxs":"%5B%5D","lzb_camalote_post_imagen_destacada":"","lzb_camalote_post_imagen_destacada_fotografx":"","lzb_camalote_post_imagen_destacada_fotografx_url":"","_jetpack_memberships_contains_paid_content":false,"footnotes":""},"categories":[1],"tags":[],"class_list":["post-3400","post","type-post","status-publish","format-standard","has-post-thumbnail","hentry","category-sin-categoria"],"aioseo_notices":[],"jetpack_featured_media_url":"","jetpack_sharing_enabled":true,"jetpack_likes_enabled":true,"_links":{"self":[{"href":"https:\/\/comunicadas.com.ar\/index.php\/wp-json\/wp\/v2\/posts\/3400"}],"collection":[{"href":"https:\/\/comunicadas.com.ar\/index.php\/wp-json\/wp\/v2\/posts"}],"about":[{"href":"https:\/\/comunicadas.com.ar\/index.php\/wp-json\/wp\/v2\/types\/post"}],"author":[{"embeddable":true,"href":"https:\/\/comunicadas.com.ar\/index.php\/wp-json\/wp\/v2\/users\/1"}],"replies":[{"embeddable":true,"href":"https:\/\/comunicadas.com.ar\/index.php\/wp-json\/wp\/v2\/comments?post=3400"}],"version-history":[{"count":0,"href":"https:\/\/comunicadas.com.ar\/index.php\/wp-json\/wp\/v2\/posts\/3400\/revisions"}],"wp:featuredmedia":[{"embeddable":true,"href":"https:\/\/comunicadas.com.ar\/index.php\/wp-json\/"}],"wp:attachment":[{"href":"https:\/\/comunicadas.com.ar\/index.php\/wp-json\/wp\/v2\/media?parent=3400"}],"wp:term":[{"taxonomy":"category","embeddable":true,"href":"https:\/\/comunicadas.com.ar\/index.php\/wp-json\/wp\/v2\/categories?post=3400"},{"taxonomy":"post_tag","embeddable":true,"href":"https:\/\/comunicadas.com.ar\/index.php\/wp-json\/wp\/v2\/tags?post=3400"}],"curies":[{"name":"wp","href":"https:\/\/api.w.org\/{rel}","templated":true}]}}