{"id":3367,"date":"2019-09-04T19:03:44","date_gmt":"2019-09-04T22:03:44","guid":{"rendered":"http:\/\/comunicadas.com.ar\/?p=3367"},"modified":"2019-09-04T19:03:44","modified_gmt":"2019-09-04T22:03:44","slug":"femicidios-ya-son-200-en-lo-que-va-del-ano","status":"publish","type":"post","link":"https:\/\/comunicadas.com.ar\/index.php\/2019\/09\/04\/femicidios-ya-son-200-en-lo-que-va-del-ano\/","title":{"rendered":"Femicidios: ya son 200 en lo que va del a\u00f1o"},"content":{"rendered":"\n<p style=\"text-align:justify;\">El Observatorio \u201cAhora que s\u00ed nos ven\u201d volvi\u00f3 a confeccionar un informe sobre femicidios que arroj\u00f3 datos escalofriantes: entre el 1 de enero de este a\u00f1o y el 31 de agosto, se cometieron 200 femicidios, eso es un femicidio cada 27 horas. Es decir, en Argentina es asesinada una mujer por d\u00eda.<\/p>\n\n\n\n<p style=\"text-align:justify;\">Pero la\ncosa se pone peor cu\u00e1nto m\u00e1s ahondamos en los datos: el 84% de los agresores\nson del c\u00edrculo \u00edntimo de la v\u00edctima y solo un 3% son desconocidos; el 65%\nocurri\u00f3 en la vivienda de la v\u00edctima. De esas 200 mujeres, 37 hab\u00edan hecho la\ndenuncia y 23 ten\u00edan medidas dictadas por la justicia.<\/p>\n\n\n\n<p style=\"text-align:justify;\">Si se suman\nlos femicidios vinculados (los que se cometen con el solo objetivo de hacer\nsufrir a la mujer), los cr\u00edmenes llegan a 223 y les ni\u00f1es hu\u00e9rfanes que dejaron\nlos perpetradores ascienden a 148. La provincia en la que se concentran la gran\nmayor\u00eda de los asesinatos (80 de los 200) es la PBA.<\/p>\n\n\n\n<figure class=\"wp-block-embed-twitter wp-block-embed is-type-rich\"><div class=\"wp-block-embed__wrapper\">\nhttps:\/\/twitter.com\/raquelvivanco\/status\/1168735256880603136\n<\/div><\/figure>\n\n\n\n<p style=\"text-align:justify;\">Estos\ndatos, que fueron confeccionados en base a casos publicados en medios de\ncomunicaci\u00f3n, arrojan luz a una realidad innegable: las v\u00edctimas de femicidios\nson tambi\u00e9n v\u00edctimas del patriarcado. Los hechos no los perpetran monstruos ni\nextra\u00f1os ocultos en callejones, sino personas de su c\u00edrculo m\u00e1s \u00edntimo que se\ncreen con derecho sobre sus vidas y sus cuerpos. Por si esto fuera poco, el\nhecho de que el 16% de estas mujeres hubieran realizado denuncias contra sus\nagresores demuestra que est\u00e1n desamparadas por el Estado que deber\u00eda protegerlas\ny garantizarles acceso a la justicia.<\/p>\n","protected":false},"excerpt":{"rendered":"<p>El Observatorio \u201cAhora que s\u00ed nos ven\u201d volvi\u00f3 a confeccionar un informe sobre femicidios que arroj\u00f3 datos escalofriantes: entre el 1 de enero de este a\u00f1o y el 31 de agosto, se cometieron 200 femicidios, eso es un femicidio cada 27 horas. Es decir, en Argentina es asesinada una mujer por d\u00eda. Pero la cosa [&hellip;]<\/p>\n","protected":false},"author":1,"featured_media":3368,"comment_status":"open","ping_status":"open","sticky":false,"template":"","format":"standard","meta":{"inline_featured_image":false,"_monsterinsights_skip_tracking":false,"_monsterinsights_sitenote_active":false,"_monsterinsights_sitenote_note":"","_monsterinsights_sitenote_category":0,"lzb_camalote_bajada":"","lzb_camalote_fotogalerias_repeater":"","lzb_camalote_fotogalerias_desc":"","lzb_camalote_fotogalerias_autorxs":"%5B%5D","lzb_camalote_post_imagen_destacada":"","lzb_camalote_post_imagen_destacada_fotografx":"","lzb_camalote_post_imagen_destacada_fotografx_url":"","_jetpack_memberships_contains_paid_content":false,"footnotes":""},"categories":[1],"tags":[],"class_list":["post-3367","post","type-post","status-publish","format-standard","has-post-thumbnail","hentry","category-sin-categoria"],"aioseo_notices":[],"jetpack_featured_media_url":"","jetpack_sharing_enabled":true,"jetpack_likes_enabled":true,"_links":{"self":[{"href":"https:\/\/comunicadas.com.ar\/index.php\/wp-json\/wp\/v2\/posts\/3367"}],"collection":[{"href":"https:\/\/comunicadas.com.ar\/index.php\/wp-json\/wp\/v2\/posts"}],"about":[{"href":"https:\/\/comunicadas.com.ar\/index.php\/wp-json\/wp\/v2\/types\/post"}],"author":[{"embeddable":true,"href":"https:\/\/comunicadas.com.ar\/index.php\/wp-json\/wp\/v2\/users\/1"}],"replies":[{"embeddable":true,"href":"https:\/\/comunicadas.com.ar\/index.php\/wp-json\/wp\/v2\/comments?post=3367"}],"version-history":[{"count":0,"href":"https:\/\/comunicadas.com.ar\/index.php\/wp-json\/wp\/v2\/posts\/3367\/revisions"}],"wp:featuredmedia":[{"embeddable":true,"href":"https:\/\/comunicadas.com.ar\/index.php\/wp-json\/"}],"wp:attachment":[{"href":"https:\/\/comunicadas.com.ar\/index.php\/wp-json\/wp\/v2\/media?parent=3367"}],"wp:term":[{"taxonomy":"category","embeddable":true,"href":"https:\/\/comunicadas.com.ar\/index.php\/wp-json\/wp\/v2\/categories?post=3367"},{"taxonomy":"post_tag","embeddable":true,"href":"https:\/\/comunicadas.com.ar\/index.php\/wp-json\/wp\/v2\/tags?post=3367"}],"curies":[{"name":"wp","href":"https:\/\/api.w.org\/{rel}","templated":true}]}}