{"id":3350,"date":"2019-08-20T15:13:16","date_gmt":"2019-08-20T18:13:16","guid":{"rendered":"http:\/\/comunicadas.com.ar\/?p=3350"},"modified":"2019-08-20T15:13:16","modified_gmt":"2019-08-20T18:13:16","slug":"deseo-de-libertad","status":"publish","type":"post","link":"https:\/\/comunicadas.com.ar\/index.php\/2019\/08\/20\/deseo-de-libertad\/","title":{"rendered":"Deseo de libertad"},"content":{"rendered":"\n<blockquote class=\"wp-block-quote is-layout-flow wp-block-quote-is-layout-flow\"><p><em>\u201cEn el origen de nuestra lucha, est\u00e1 el deseo de todas las libertades\u201d<\/em><\/p><\/blockquote>\n\n\n\n<p>Carlos J\u00e1uregui entendi\u00f3 el significado que su orientaci\u00f3n sexual ten\u00eda para la sociedad. Entendi\u00f3 que formaba parte de una minor\u00eda y entendi\u00f3 que no gozaba de los mismos derechos de los que gozaban les heterosexuales. No solo lo entendi\u00f3, sino que lo cuestion\u00f3. No solo lo cuestion\u00f3, sino que decidi\u00f3 hacer algo al respecto. <\/p>\n\n\n\n<p>As\u00ed fue como a su regreso de Par\u00eds, donde particip\u00f3 de una marcha del Orgullo en el 81 y vio que era posible para les homosexuales vivir sin razzias ni detenciones, decidi\u00f3 involucrarse activamente para lograr lo mismo en su pa\u00eds. Con el regreso de la democracia, form\u00f3 la CHA, Comunidad Homosexual Argentina, de la que fue presidente hasta el 87. En 1991 cre\u00f3 la organizaci\u00f3n Gays por los Derechos Civiles, con la que&nbsp;encabez\u00f3 la primera marcha del Orgullo Gay-L\u00e9sbico en la ciudad de Buenos Aires. Tambi\u00e9n colabor\u00f3 con la elaboraci\u00f3n del primer proyecto de uni\u00f3n civil de Argentina y con la inclusi\u00f3n de la \u201corientaci\u00f3n sexual\u201d en la cl\u00e1usula anti-discriminatoria de la Constituci\u00f3n de la Ciudad de Buenos Aires.<\/p>\n\n\n\n<p>Muchos de estos derechos por los que J\u00e1uregui luch\u00f3 hoy son reconocidos en los papeles pero, a\u00fan as\u00ed, sigue habiendo casos de violencia contra personas LGBT+ con un ensa\u00f1amiento que solo se explica cuando la otra persona est\u00e1 cegada por el odio, cuando reconoce en le otre una amenaza a sus propios privilegios. A\u00fan se ven increpaciones en plena calle, golpizas y\/o violaciones correctivas, abuso de autoridad por parte de las fuerzas de seguridad. A\u00fan tenemos casos como el de Higui, como el de Mariana G\u00f3mez. Por eso es necesario seguir entendiendo, seguir cuestionando, seguir visibilizando y seguir actuando. &nbsp;<\/p>\n","protected":false},"excerpt":{"rendered":"<p>\u201cEn el origen de nuestra lucha, est\u00e1 el deseo de todas las libertades\u201d Carlos J\u00e1uregui entendi\u00f3 el significado que su orientaci\u00f3n sexual ten\u00eda para la sociedad. Entendi\u00f3 que formaba parte de una minor\u00eda y entendi\u00f3 que no gozaba de los mismos derechos de los que gozaban les heterosexuales. No solo lo entendi\u00f3, sino que lo [&hellip;]<\/p>\n","protected":false},"author":1,"featured_media":3351,"comment_status":"open","ping_status":"open","sticky":false,"template":"","format":"standard","meta":{"inline_featured_image":false,"_monsterinsights_skip_tracking":false,"_monsterinsights_sitenote_active":false,"_monsterinsights_sitenote_note":"","_monsterinsights_sitenote_category":0,"lzb_camalote_bajada":"","lzb_camalote_fotogalerias_repeater":"","lzb_camalote_fotogalerias_desc":"","lzb_camalote_fotogalerias_autorxs":"%5B%5D","lzb_camalote_post_imagen_destacada":"","lzb_camalote_post_imagen_destacada_fotografx":"","lzb_camalote_post_imagen_destacada_fotografx_url":"","_jetpack_memberships_contains_paid_content":false,"footnotes":""},"categories":[20],"tags":[],"class_list":["post-3350","post","type-post","status-publish","format-standard","has-post-thumbnail","hentry","category-opinion"],"aioseo_notices":[],"jetpack_featured_media_url":"","jetpack_sharing_enabled":true,"jetpack_likes_enabled":true,"_links":{"self":[{"href":"https:\/\/comunicadas.com.ar\/index.php\/wp-json\/wp\/v2\/posts\/3350"}],"collection":[{"href":"https:\/\/comunicadas.com.ar\/index.php\/wp-json\/wp\/v2\/posts"}],"about":[{"href":"https:\/\/comunicadas.com.ar\/index.php\/wp-json\/wp\/v2\/types\/post"}],"author":[{"embeddable":true,"href":"https:\/\/comunicadas.com.ar\/index.php\/wp-json\/wp\/v2\/users\/1"}],"replies":[{"embeddable":true,"href":"https:\/\/comunicadas.com.ar\/index.php\/wp-json\/wp\/v2\/comments?post=3350"}],"version-history":[{"count":0,"href":"https:\/\/comunicadas.com.ar\/index.php\/wp-json\/wp\/v2\/posts\/3350\/revisions"}],"wp:featuredmedia":[{"embeddable":true,"href":"https:\/\/comunicadas.com.ar\/index.php\/wp-json\/"}],"wp:attachment":[{"href":"https:\/\/comunicadas.com.ar\/index.php\/wp-json\/wp\/v2\/media?parent=3350"}],"wp:term":[{"taxonomy":"category","embeddable":true,"href":"https:\/\/comunicadas.com.ar\/index.php\/wp-json\/wp\/v2\/categories?post=3350"},{"taxonomy":"post_tag","embeddable":true,"href":"https:\/\/comunicadas.com.ar\/index.php\/wp-json\/wp\/v2\/tags?post=3350"}],"curies":[{"name":"wp","href":"https:\/\/api.w.org\/{rel}","templated":true}]}}