{"id":3325,"date":"2019-06-27T16:06:42","date_gmt":"2019-06-27T19:06:42","guid":{"rendered":"http:\/\/comunicadas.com.ar\/?p=3325"},"modified":"2019-06-27T16:06:42","modified_gmt":"2019-06-27T19:06:42","slug":"un-presupuesto-nacional-con-perspectiva-de-genero-para-garantizar-la-igualdad-de-oportunidades","status":"publish","type":"post","link":"https:\/\/comunicadas.com.ar\/index.php\/2019\/06\/27\/un-presupuesto-nacional-con-perspectiva-de-genero-para-garantizar-la-igualdad-de-oportunidades\/","title":{"rendered":"Un presupuesto nacional con perspectiva de g\u00e9nero para garantizar la igualdad de oportunidades"},"content":{"rendered":"\n<p style=\"text-align:justify;\">Este martes se comenz\u00f3 a discutir en sal\u00f3n Atrio del Senado la inclusi\u00f3n de la perspectiva de g\u00e9nero en el presupuesto nacional. El debate cont\u00f3 con la presencia de representantes de la ONU en Argentina, funcionarios y la titular del Instituto Nacional de las Mujeres, Fabiana Tu\u00f1ez. Los proyectos presentados son tres: de Gladys Gonz\u00e1lez, Laura Rodr\u00edguez Machado y Pamela Verasay, de Cambiemos; Sigrid Kunath, del PJ, y Mar\u00eda Teresa Gonz\u00e1lez de Unidad Ciudadana.<br><\/p>\n\n\n\n<p style=\"text-align:justify;\">Los tres proyectos coinciden en resaltar la necesidad de incorporar el enfoque del Presupuesto Sensible al G\u00e9nero para lograr garantizar el acceso de las mujeres a todos sus derechos, la igualdad en todos los \u00e1mbitos y erradicar la violencia de g\u00e9nero. Los proyectos de las senadoras de Cambiemos y del PJ incluyen an\u00e1lisis espor\u00e1dicos de la aplicaci\u00f3n de la ley, que deber\u00e1n presentarse p\u00fablicamente; mientras que el proyecto de Unidad Ciudadana establece que el Poder Ejecutivo deber\u00e1 presentar \u201cuna evaluaci\u00f3n con enfoque de g\u00e9nero del cumplimiento de los planes y pol\u00edticas nacionales, y del desarrollo general del pa\u00eds\u201d para tenerlos en cuenta en los lineamientos generales del presupuesto nacional.&nbsp;<\/p>\n\n\n\n<p style=\"text-align:justify;\">Entre los fundamentos del proyecto de Unidad Ciudadana se incluyen cifras que no hacen m\u00e1s que confirmar la necesidad de un presupuesto con perspectiva de g\u00e9nero: seg\u00fan el Tercer Informe Hemisf\u00e9rico sobre la Implementaci\u00f3n de la Convenci\u00f3n Belem do Par\u00e1 (1994) (dependiente de la OEA), Argentina asigna un 0,004% de su presupuesto a combatir la violencia de g\u00e9nero. En el \u00e1mbito laboral, informa que un 55% de las familias argentinas est\u00e1n a cargo de una jefa de hogar. Sin embargo, mientras 9 de cada 10 mujeres realizan las tareas dom\u00e9sticas (est\u00e9n o no empleadas), solo 6 de cada 10 hombres se ocupan de estas (est\u00e9n o no empleados). Adem\u00e1s, las mujeres sufren m\u00e1s que los hombres la desocupaci\u00f3n, subocupaci\u00f3n, e informalidad laboral.<\/p>\n\n\n\n<p><br><br><\/p>\n\n\n\n<p style=\"text-align:justify;\">Con este panorama, es urgente que los presupuestos nacionales incluyan acciones concretas para garantizar igualdad de oportunidades para que las mujeres podamos desarrollarnos en todos los \u00e1mbitos.<br><\/p>\n\n\n\n<p>Proyectos de ley:<br><\/p>\n\n\n\n<p>Proyecto de ley Cambiemos<\/p>\n\n\n\n<p>https:\/\/www.senado.gob.ar\/parlamentario\/comisiones\/verExp\/2851.18\/S\/PL<\/p>\n\n\n\n<p>Proyecto de ley PJ<\/p>\n\n\n\n<p>https:\/\/www.senado.gob.ar\/parlamentario\/comisiones\/verExp\/4045.18\/S\/PL<\/p>\n\n\n\n<p>Proyecto de ley Unidad Ciudadana<\/p>\n\n\n\n<p>https:\/\/www.senado.gob.ar\/parlamentario\/comisiones\/verExp\/4057.18\/S\/PL<\/p>\n\n\n\n<p><br><br><\/p>\n","protected":false},"excerpt":{"rendered":"<p>Este martes se comenz\u00f3 a discutir en sal\u00f3n Atrio del Senado la inclusi\u00f3n de la perspectiva de g\u00e9nero en el presupuesto nacional. El debate cont\u00f3 con la presencia de representantes de la ONU en Argentina, funcionarios y la titular del Instituto Nacional de las Mujeres, Fabiana Tu\u00f1ez. Los proyectos presentados son tres: de Gladys Gonz\u00e1lez, [&hellip;]<\/p>\n","protected":false},"author":1,"featured_media":3326,"comment_status":"open","ping_status":"open","sticky":false,"template":"","format":"standard","meta":{"inline_featured_image":false,"_monsterinsights_skip_tracking":false,"_monsterinsights_sitenote_active":false,"_monsterinsights_sitenote_note":"","_monsterinsights_sitenote_category":0,"lzb_camalote_bajada":"","lzb_camalote_fotogalerias_repeater":"","lzb_camalote_fotogalerias_desc":"","lzb_camalote_fotogalerias_autorxs":"%5B%5D","lzb_camalote_post_imagen_destacada":"","lzb_camalote_post_imagen_destacada_fotografx":"","lzb_camalote_post_imagen_destacada_fotografx_url":"","_jetpack_memberships_contains_paid_content":false,"footnotes":""},"categories":[1],"tags":[],"class_list":["post-3325","post","type-post","status-publish","format-standard","has-post-thumbnail","hentry","category-sin-categoria"],"aioseo_notices":[],"jetpack_featured_media_url":"https:\/\/comunicadas.com.ar\/wp-content\/uploads\/2019\/06\/congreso-1.png","jetpack_sharing_enabled":true,"jetpack_likes_enabled":true,"_links":{"self":[{"href":"https:\/\/comunicadas.com.ar\/index.php\/wp-json\/wp\/v2\/posts\/3325"}],"collection":[{"href":"https:\/\/comunicadas.com.ar\/index.php\/wp-json\/wp\/v2\/posts"}],"about":[{"href":"https:\/\/comunicadas.com.ar\/index.php\/wp-json\/wp\/v2\/types\/post"}],"author":[{"embeddable":true,"href":"https:\/\/comunicadas.com.ar\/index.php\/wp-json\/wp\/v2\/users\/1"}],"replies":[{"embeddable":true,"href":"https:\/\/comunicadas.com.ar\/index.php\/wp-json\/wp\/v2\/comments?post=3325"}],"version-history":[{"count":0,"href":"https:\/\/comunicadas.com.ar\/index.php\/wp-json\/wp\/v2\/posts\/3325\/revisions"}],"wp:featuredmedia":[{"embeddable":true,"href":"https:\/\/comunicadas.com.ar\/index.php\/wp-json\/wp\/v2\/media\/3326"}],"wp:attachment":[{"href":"https:\/\/comunicadas.com.ar\/index.php\/wp-json\/wp\/v2\/media?parent=3325"}],"wp:term":[{"taxonomy":"category","embeddable":true,"href":"https:\/\/comunicadas.com.ar\/index.php\/wp-json\/wp\/v2\/categories?post=3325"},{"taxonomy":"post_tag","embeddable":true,"href":"https:\/\/comunicadas.com.ar\/index.php\/wp-json\/wp\/v2\/tags?post=3325"}],"curies":[{"name":"wp","href":"https:\/\/api.w.org\/{rel}","templated":true}]}}