{"id":3302,"date":"2019-06-13T15:55:11","date_gmt":"2019-06-13T18:55:11","guid":{"rendered":"http:\/\/comunicadas.com.ar\/?p=3302"},"modified":"2019-06-13T15:55:11","modified_gmt":"2019-06-13T18:55:11","slug":"los-huerfanos-del-aborto","status":"publish","type":"post","link":"https:\/\/comunicadas.com.ar\/index.php\/2019\/06\/13\/los-huerfanos-del-aborto\/","title":{"rendered":"Les hu\u00e9rfanes de la clandestinidad"},"content":{"rendered":"\n<p style=\"text-align:justify;\">Hace un a\u00f1o, la marea verde inundaba las calles aleda\u00f1as (y no tan aleda\u00f1as) del Congreso para esperar la media sanci\u00f3n del aborto legal en Diputados. El proyecto se trataba por primera vez tras a\u00f1os y a\u00f1os de insistencia por parte del colectivo feminista. Lamentablemente, casi dos meses m\u00e1s tarde, la mayor\u00eda de les senadores decidir\u00eda darles la espalda a quienes mueren en la clandestinidad.<br><\/p>\n\n\n\n<p style=\"text-align:justify;\">Hoy, un a\u00f1o despu\u00e9s de esa fecha \u00e9pica, un grupo de senadores, encabezados por la peronista Nancy Gonz\u00e1lez, presentan en el Congreso el Proyecto de Ley para asistir a les hijes de personas fallecidas por aborto clandestino. El proyecto establece que el Estado resarcir\u00e1 econ\u00f3micamente a todes aquelles ni\u00f1es y\u2215o adolescentes que han quedado desamparades luego de que sus padres hayan sido v\u00edctimas del aborto clandestino.<br><\/p>\n\n\n\n<p>Los puntos principales de la ley son:<\/p>\n\n\n\n<ul class=\"wp-block-list\"><li>La compensaci\u00f3n econ\u00f3mica ser\u00e1 igual a una jubilaci\u00f3n m\u00ednima, con sus incrementos m\u00f3viles.<\/li><li>Le titular la cobrara hasta cumplir los 21 a\u00f1os.<\/li><li>Sera compatible con cualquier pensi\u00f3n, asignaci\u00f3n o r\u00e9gimen de alimentos que le beneficiarie perciba.<\/li><li>Se crearan equipos interdisciplinarios para contener a los ni\u00f1es y\u2215o adolescentes.<\/li><\/ul>\n\n\n\n<p style=\"text-align:justify;\">El aborto clandestino es consecuencia directa de la decisi\u00f3n del Estado y del Poder Legislativo de mirar hacia otro lado. Mientras los cuerpos gestantes se vean obligados a incurrir en pr\u00e1cticas inseguras para ejercer el derecho a decidir sobre su cuerpo, no ser\u00e1n solo las muertes las que deban pesar sobre los gobernantes y legisladores, tambi\u00e9n el futuro de todes aquelles ni\u00f1es que dejan atr\u00e1s. &nbsp;<br><\/p>\n","protected":false},"excerpt":{"rendered":"<p>Hace un a\u00f1o, la marea verde inundaba las calles aleda\u00f1as (y no tan aleda\u00f1as) del Congreso para esperar la media sanci\u00f3n del aborto legal en Diputados. El proyecto se trataba por primera vez tras a\u00f1os y a\u00f1os de insistencia por parte del colectivo feminista. Lamentablemente, casi dos meses m\u00e1s tarde, la mayor\u00eda de les senadores [&hellip;]<\/p>\n","protected":false},"author":1,"featured_media":3303,"comment_status":"open","ping_status":"open","sticky":false,"template":"","format":"standard","meta":{"inline_featured_image":false,"_monsterinsights_skip_tracking":false,"_monsterinsights_sitenote_active":false,"_monsterinsights_sitenote_note":"","_monsterinsights_sitenote_category":0,"lzb_camalote_bajada":"","lzb_camalote_fotogalerias_repeater":"","lzb_camalote_fotogalerias_desc":"","lzb_camalote_fotogalerias_autorxs":"%5B%5D","lzb_camalote_post_imagen_destacada":"","lzb_camalote_post_imagen_destacada_fotografx":"","lzb_camalote_post_imagen_destacada_fotografx_url":"","_jetpack_memberships_contains_paid_content":false,"footnotes":""},"categories":[1],"tags":[],"class_list":["post-3302","post","type-post","status-publish","format-standard","has-post-thumbnail","hentry","category-sin-categoria"],"aioseo_notices":[],"jetpack_featured_media_url":"https:\/\/comunicadas.com.ar\/wp-content\/uploads\/2019\/06\/mary-poppins-abortera-1.jpg","jetpack_sharing_enabled":true,"jetpack_likes_enabled":true,"_links":{"self":[{"href":"https:\/\/comunicadas.com.ar\/index.php\/wp-json\/wp\/v2\/posts\/3302"}],"collection":[{"href":"https:\/\/comunicadas.com.ar\/index.php\/wp-json\/wp\/v2\/posts"}],"about":[{"href":"https:\/\/comunicadas.com.ar\/index.php\/wp-json\/wp\/v2\/types\/post"}],"author":[{"embeddable":true,"href":"https:\/\/comunicadas.com.ar\/index.php\/wp-json\/wp\/v2\/users\/1"}],"replies":[{"embeddable":true,"href":"https:\/\/comunicadas.com.ar\/index.php\/wp-json\/wp\/v2\/comments?post=3302"}],"version-history":[{"count":0,"href":"https:\/\/comunicadas.com.ar\/index.php\/wp-json\/wp\/v2\/posts\/3302\/revisions"}],"wp:featuredmedia":[{"embeddable":true,"href":"https:\/\/comunicadas.com.ar\/index.php\/wp-json\/wp\/v2\/media\/3303"}],"wp:attachment":[{"href":"https:\/\/comunicadas.com.ar\/index.php\/wp-json\/wp\/v2\/media?parent=3302"}],"wp:term":[{"taxonomy":"category","embeddable":true,"href":"https:\/\/comunicadas.com.ar\/index.php\/wp-json\/wp\/v2\/categories?post=3302"},{"taxonomy":"post_tag","embeddable":true,"href":"https:\/\/comunicadas.com.ar\/index.php\/wp-json\/wp\/v2\/tags?post=3302"}],"curies":[{"name":"wp","href":"https:\/\/api.w.org\/{rel}","templated":true}]}}