{"id":3296,"date":"2019-06-11T13:53:55","date_gmt":"2019-06-11T16:53:55","guid":{"rendered":"http:\/\/comunicadas.com.ar\/?p=3296"},"modified":"2019-06-11T13:53:55","modified_gmt":"2019-06-11T16:53:55","slug":"un-fallo-inedito-obligo-a-un-hombre-a-compensar-a-su-exesposa-con-8-millones-por-resignar-su-desarrollo-profesional-al-haberse-dedicado-a-las-tareas-del-hogar","status":"publish","type":"post","link":"https:\/\/comunicadas.com.ar\/index.php\/2019\/06\/11\/un-fallo-inedito-obligo-a-un-hombre-a-compensar-a-su-exesposa-con-8-millones-por-resignar-su-desarrollo-profesional-al-haberse-dedicado-a-las-tareas-del-hogar\/","title":{"rendered":"Un fallo in\u00e9dito oblig\u00f3 a un hombre a compensar a su exesposa con $8 millones por resignar su desarrollo profesional al haberse dedicado a las tareas del hogar"},"content":{"rendered":"\n<p>El fallo de primera instancia que hab\u00eda condenado a un\nhombre a resarcir a su exesposa de 70 a\u00f1os con $8 millones fue ratificado por\nla C\u00e1mara Nacional de Apelaciones en lo Civil. <\/p>\n\n\n\n<p>De manera in\u00e9dita, el fallo tuvo en cuenta la perspectiva de\ng\u00e9nero a la hora de ratificar la condena, al remarcar que durante 27 a\u00f1os la\nmujer subordin\u00f3 su desarrollo profesional a las tareas del hogar. <\/p>\n\n\n\n<p>El fallo puntualiz\u00f3 en el proyecto familiar de la pareja, el\ncual se reg\u00eda de acuerdo a la divisi\u00f3n tradicional\/patriarcal de roles: \u00e9l\ndesarrollaba su labor profesional de manera tradicional, mientras ella se\nquedaba en la casa trabajando en las tareas dom\u00e9sticas y en el cuidado de les\nhijes. En esta l\u00ednea, una vez disuelto el matrimonio, el equilibrio del proyecto\nconyugal tambi\u00e9n se disolvi\u00f3 y al no haber podido desarrollar su profesi\u00f3n y al\nhaber quedado fuera del mercado laboral por tener 70 a\u00f1os, la mujer qued\u00f3 en\ninferioridad de condiciones econ\u00f3micas en relaci\u00f3n a su exmarido. A su vez, la\njueza expres\u00f3 que, debido a la falta de aportes, la mujer se vio impedida de\nacceder a una jubilaci\u00f3n, lo que vulnerabiliz\u00f3 a\u00fan m\u00e1s su condici\u00f3n econ\u00f3mica.<\/p>\n\n\n\n<p>La importancia del fallo excede la suma econ\u00f3mica del resarcimiento, ya que evidencia que una parte del Poder Judicial de nuestro pa\u00eds empieza a tener perspectiva de g\u00e9nero a la hora de emitir las sentencias. Al tener en cuenta la vulnerabilidad econ\u00f3mica de una mujer que resign\u00f3 su labor profesional para dedicarse al trabajo dom\u00e9stico, -el cual no es reconocido como trabajo en s\u00ed-, el fallo pone \u00e9nfasis en el cuestionamiento de los v\u00ednculos patriarcales propios de la divisi\u00f3n tradicional de los roles familiares. Asimismo, hace visible la necesidad de que la labor dom\u00e9stica sea reconocida como trabajo no pago, al puntualizar en la vulnerabilidad de las mujeres que, al haberse dedicado toda su vida al hogar, no pueden acceder a una jubilaci\u00f3n.<\/p>\n\n\n\n<p>Una vez m\u00e1s, eso que llaman amor es trabajo no pago. <\/p>\n","protected":false},"excerpt":{"rendered":"<p>El fallo de primera instancia que hab\u00eda condenado a un<br \/>\nhombre a resarcir a su exesposa de 70 a\u00f1os con $8 millones fue ratificado por<br \/>\nla C\u00e1mara Nacional de Apelaciones en lo Civil. De manera in\u00e9dita, el fallo tuvo en cuenta la perspectiva de<br \/>\ng\u00e9nero a la hora de ratificar la condena, al remarcar que durante 27 a\u00f1os la<br \/>\nmujer subordin\u00f3 su desarrollo profesional a las tareas del hogar. <\/p>\n","protected":false},"author":1,"featured_media":3297,"comment_status":"open","ping_status":"open","sticky":false,"template":"","format":"standard","meta":{"inline_featured_image":false,"_monsterinsights_skip_tracking":false,"_monsterinsights_sitenote_active":false,"_monsterinsights_sitenote_note":"","_monsterinsights_sitenote_category":0,"lzb_camalote_bajada":"","lzb_camalote_fotogalerias_repeater":"","lzb_camalote_fotogalerias_desc":"","lzb_camalote_fotogalerias_autorxs":"%5B%5D","lzb_camalote_post_imagen_destacada":"","lzb_camalote_post_imagen_destacada_fotografx":"","lzb_camalote_post_imagen_destacada_fotografx_url":"","_jetpack_memberships_contains_paid_content":false,"footnotes":""},"categories":[17,19],"tags":[491,850,868],"class_list":["post-3296","post","type-post","status-publish","format-standard","has-post-thumbnail","hentry","category-mujeres-empoderadas","category-noticias","tag-justicia","tag-tareas-de-cuidado","tag-trabajo"],"aioseo_notices":[],"jetpack_featured_media_url":"https:\/\/comunicadas.com.ar\/wp-content\/uploads\/2019\/06\/trabajo-no-pago-1.jpg","jetpack_sharing_enabled":true,"jetpack_likes_enabled":true,"_links":{"self":[{"href":"https:\/\/comunicadas.com.ar\/index.php\/wp-json\/wp\/v2\/posts\/3296"}],"collection":[{"href":"https:\/\/comunicadas.com.ar\/index.php\/wp-json\/wp\/v2\/posts"}],"about":[{"href":"https:\/\/comunicadas.com.ar\/index.php\/wp-json\/wp\/v2\/types\/post"}],"author":[{"embeddable":true,"href":"https:\/\/comunicadas.com.ar\/index.php\/wp-json\/wp\/v2\/users\/1"}],"replies":[{"embeddable":true,"href":"https:\/\/comunicadas.com.ar\/index.php\/wp-json\/wp\/v2\/comments?post=3296"}],"version-history":[{"count":0,"href":"https:\/\/comunicadas.com.ar\/index.php\/wp-json\/wp\/v2\/posts\/3296\/revisions"}],"wp:featuredmedia":[{"embeddable":true,"href":"https:\/\/comunicadas.com.ar\/index.php\/wp-json\/wp\/v2\/media\/3297"}],"wp:attachment":[{"href":"https:\/\/comunicadas.com.ar\/index.php\/wp-json\/wp\/v2\/media?parent=3296"}],"wp:term":[{"taxonomy":"category","embeddable":true,"href":"https:\/\/comunicadas.com.ar\/index.php\/wp-json\/wp\/v2\/categories?post=3296"},{"taxonomy":"post_tag","embeddable":true,"href":"https:\/\/comunicadas.com.ar\/index.php\/wp-json\/wp\/v2\/tags?post=3296"}],"curies":[{"name":"wp","href":"https:\/\/api.w.org\/{rel}","templated":true}]}}