{"id":3277,"date":"2019-06-03T10:00:02","date_gmt":"2019-06-03T13:00:02","guid":{"rendered":"http:\/\/comunicadas.com.ar\/?p=3277"},"modified":"2019-06-03T10:00:02","modified_gmt":"2019-06-03T13:00:02","slug":"nos-siguen-matando","status":"publish","type":"post","link":"https:\/\/comunicadas.com.ar\/index.php\/2019\/06\/03\/nos-siguen-matando\/","title":{"rendered":"Nos siguen matando"},"content":{"rendered":"\n<p class=\"has-text-align-justify\">La noche del s\u00e1bado 9 de mayo de 2015, Chiara P\u00e1ez, de 14 a\u00f1os, fue a encontrarse con su pareja, Manuel Mansilla, de 16 a\u00f1os, y nunca volvi\u00f3. Al otro d\u00eda, fue hallada muerta en un pozo, en la parte trasera de la casa de su novio. Las pericias confirmaron que la joven estaba embarazada y Mansilla confes\u00f3 haberla asesinado. El crimen de Chiara, una v\u00edctima m\u00e1s de la violencia machista, desencaden\u00f3 un repudio generalizado entre todas las mujeres que dio nacimiento a la primera marcha de Ni una menos.<\/p>\n\n\n\n<p class=\"has-text-align-justify\">A cuatro a\u00f1os de ese evento, que marc\u00f3 un antes y un despu\u00e9s en la visibilizaci\u00f3n de los femicidios, el observatorio \u201cAhora que s\u00ed nos ven\u201d present\u00f3 cifras que demuestran que poco ha cambiado en materia de prevenci\u00f3n de la violencia de g\u00e9nero. Entre junio de 2015 y mayo de 2019 se produjeron 1193 femicidios y 31 travesticidios, alrededor de 300 por a\u00f1o. En lo que va del a\u00f1o, esa cifra no parece descender, sino todo lo contrario: ya son 133 las v\u00edctimas del machismo. El 88% de los femicidios fueron perpetrados por un agresor del c\u00edrculo \u00edntimo de la v\u00edctima, en general, su pareja o ex pareja, y el 65,40% en la vivienda de la v\u00edctima. El 29% ten\u00edan entre 15 y 25 a\u00f1os y el 28,5% hab\u00eda realizado denuncias previas o ten\u00eda medidas judiciales.<br><\/p>\n\n\n\n<figure class=\"wp-block-embed-twitter wp-block-embed is-type-rich\"><div class=\"wp-block-embed__wrapper\">\n<blockquote class=\"twitter-tweet\" data-width=\"500\" data-dnt=\"true\"><p lang=\"es\" dir=\"ltr\">Se acerca un nuevo aniversario del 3 de junio del 2015 en la q cientos de miles salimos a la calle a exigir <a href=\"https:\/\/twitter.com\/hashtag\/NiUnaMenos?src=hash&amp;ref_src=twsrc%5Etfw\">#NiUnaMenos<\/a>. Sin embargo el Estado sigue sin dar respuestas a nuestros reclamos y en 4 a\u00f1os al menos hubo 1193 femicidios. El lunes volvemos a gritar <a href=\"https:\/\/twitter.com\/hashtag\/vivasnosqueremos?src=hash&amp;ref_src=twsrc%5Etfw\">#vivasnosqueremos<\/a> <a href=\"https:\/\/t.co\/XqX5WLHfI0\">pic.twitter.com\/XqX5WLHfI0<\/a><\/p>&mdash; \ud83d\udc9a Raqui Vivanco \ud83d\udc9a (@RaquiVivanco) <a href=\"https:\/\/twitter.com\/RaquiVivanco\/status\/1134485551128748033?ref_src=twsrc%5Etfw\">May 31, 2019<\/a><\/blockquote><script async src=\"https:\/\/platform.twitter.com\/widgets.js\" charset=\"utf-8\"><\/script>\n<\/div><\/figure>\n\n\n\n<p class=\"has-text-align-justify\">De todas las provincias del pa\u00eds, Buenos Aires es la que presenta cifras m\u00e1s alarmantes, con 428 femicidios. Seg\u00fan un estudio de IDEAL (Instituto de Estudio y Administraci\u00f3n Local) y el Observatorio Provincial de Pol\u00edticas de G\u00e9nero, en lo que va del a\u00f1o ya hubo 43 v\u00edctimas de la violencia machista. Al igual que a nivel nacional, la mayor\u00eda de esos cr\u00edmenes (el 74,5%) se produjeron en un domicilio conocido por la v\u00edctima y se perpetr\u00f3 por parte de una pareja o ex pareja (71,4%). Si bien la mayor\u00eda de las mujeres eran j\u00f3venes de entre 18 y 45 a\u00f1os (55%), hay un n\u00famero considerable de ni\u00f1as menores de 12 a\u00f1os: 11%.<br><\/p>\n\n\n\n<figure class=\"wp-block-image\"><img decoding=\"async\" src=\"https:\/\/comunicadasdotorg.files.wordpress.com\/2019\/06\/whatsapp-image-2019-05-31-at-21.52.30.jpeg\" alt=\"\" class=\"wp-image-3282\" \/><\/figure>\n\n\n\n<p class=\"has-text-align-justify\">Lamentablemente, no hay una respuesta del gobierno ante estas cifras alarmantes, que tuvieron que ser recopiladas por diferentes organizaciones, ya que no existen n\u00fameros oficiales. De hecho, el presupuesto nacional 2019 destina $11,36 para el INAM y, en la provincia con el mayor n\u00famero de femicidios, el gobierno de Vidal subejecut\u00f3 las partidas para las pol\u00edticas p\u00fablicas de g\u00e9nero y desmantel\u00f3 la l\u00ednea 144. Nos siguen matando, como nos mataban hace cuatro a\u00f1os, como nos mataron siempre. No son monstruos, no son enfermos, son hijos sanos del patriarcado avalados por la sociedad, por la justicia y por el Estado. &nbsp;<br><\/p>\n","protected":false},"excerpt":{"rendered":"<p>La noche del s\u00e1bado 9 de mayo de 2015, Chiara P\u00e1ez, de 14 a\u00f1os, fue a encontrarse con su pareja, Manuel Mansilla, de 16 a\u00f1os, y nunca volvi\u00f3. Al otro d\u00eda, fue hallada muerta en un pozo, en la parte trasera de la casa de su novio. Las pericias confirmaron que la joven estaba embarazada [&hellip;]<\/p>\n","protected":false},"author":1,"featured_media":3286,"comment_status":"open","ping_status":"open","sticky":false,"template":"","format":"standard","meta":{"inline_featured_image":false,"_monsterinsights_skip_tracking":false,"_monsterinsights_sitenote_active":false,"_monsterinsights_sitenote_note":"","_monsterinsights_sitenote_category":0,"lzb_camalote_bajada":"","lzb_camalote_fotogalerias_repeater":"","lzb_camalote_fotogalerias_desc":"","lzb_camalote_fotogalerias_autorxs":"%5B%5D","lzb_camalote_post_imagen_destacada":"","lzb_camalote_post_imagen_destacada_fotografx":"","lzb_camalote_post_imagen_destacada_fotografx_url":"","_jetpack_memberships_contains_paid_content":false,"footnotes":""},"categories":[2,20],"tags":[],"class_list":["post-3277","post","type-post","status-publish","format-standard","has-post-thumbnail","hentry","category-niunamenos","category-opinion"],"aioseo_notices":[],"jetpack_featured_media_url":"https:\/\/comunicadas.com.ar\/wp-content\/uploads\/2019\/06\/whatsapp-image-2019-06-02-at-19.00.41-1.jpeg","jetpack_sharing_enabled":true,"jetpack_likes_enabled":true,"_links":{"self":[{"href":"https:\/\/comunicadas.com.ar\/index.php\/wp-json\/wp\/v2\/posts\/3277"}],"collection":[{"href":"https:\/\/comunicadas.com.ar\/index.php\/wp-json\/wp\/v2\/posts"}],"about":[{"href":"https:\/\/comunicadas.com.ar\/index.php\/wp-json\/wp\/v2\/types\/post"}],"author":[{"embeddable":true,"href":"https:\/\/comunicadas.com.ar\/index.php\/wp-json\/wp\/v2\/users\/1"}],"replies":[{"embeddable":true,"href":"https:\/\/comunicadas.com.ar\/index.php\/wp-json\/wp\/v2\/comments?post=3277"}],"version-history":[{"count":0,"href":"https:\/\/comunicadas.com.ar\/index.php\/wp-json\/wp\/v2\/posts\/3277\/revisions"}],"wp:featuredmedia":[{"embeddable":true,"href":"https:\/\/comunicadas.com.ar\/index.php\/wp-json\/wp\/v2\/media\/3286"}],"wp:attachment":[{"href":"https:\/\/comunicadas.com.ar\/index.php\/wp-json\/wp\/v2\/media?parent=3277"}],"wp:term":[{"taxonomy":"category","embeddable":true,"href":"https:\/\/comunicadas.com.ar\/index.php\/wp-json\/wp\/v2\/categories?post=3277"},{"taxonomy":"post_tag","embeddable":true,"href":"https:\/\/comunicadas.com.ar\/index.php\/wp-json\/wp\/v2\/tags?post=3277"}],"curies":[{"name":"wp","href":"https:\/\/api.w.org\/{rel}","templated":true}]}}