{"id":3268,"date":"2019-05-31T10:30:46","date_gmt":"2019-05-31T13:30:46","guid":{"rendered":"http:\/\/comunicadas.com.ar\/?p=3268"},"modified":"2019-05-31T10:30:46","modified_gmt":"2019-05-31T13:30:46","slug":"niunamenos-la-legislatura-portena-adhirio-a-la-marcha-del-lunes-3-de-junio","status":"publish","type":"post","link":"https:\/\/comunicadas.com.ar\/index.php\/2019\/05\/31\/niunamenos-la-legislatura-portena-adhirio-a-la-marcha-del-lunes-3-de-junio\/","title":{"rendered":"#NiUnaMenos: La Legislatura Porte\u00f1a adhiri\u00f3 a la marcha del lunes 3 de junio"},"content":{"rendered":"\n<p><strong><br><\/strong><\/p>\n\n\n\n<p><strong>La Legislatura Porte\u00f1a adhiri\u00f3 a la pr\u00f3xima marcha de mujeres de \u00e9ste lunes 3 de junio. Como todos los a\u00f1os, las mujeres nos movilizamos para expresarnos contra los femicidios en nuestro pa\u00eds. <\/strong><\/p>\n\n\n\n<p> Seg\u00fan <a href=\"http:\/\/www.parlamentario.com\/noticia-118103.html\">Parlamentario.com<\/a>, tal y como ocurre cada a\u00f1o desde 2015, la Legislatura porte\u00f1a volvi\u00f3 a adherir a la masiva movilizaci\u00f3n por el \u201cNi Una Menos\u201d, que este 3 de junio llevar\u00e1 a cabo su quinta edici\u00f3n en la Ciudad y varios puntos de todo el pa\u00eds, en repudio \u201ca los femicidios, la violencia machista, la feminizaci\u00f3n de la pobreza y la discriminaci\u00f3n hacia lesbianas, travestis y trans\u201d.<\/p>\n\n\n\n<p>La primera de estas convocatorias fue impulsada por un grupo de periodistas, activistas y artistas, ante el impacto que gener\u00f3 el femicidio de Chiara P\u00e1ez, la adolescente de 14 a\u00f1os que fue asesinada por su novio de 16 a\u00f1os en mayo de 2015, en la localidad de Rufino, Santa Fe.<\/p>\n\n\n\n<p>Conmovidos por este hecho, cientos de miles de personas se congregaron en plazas de todo el pa\u00eds, especialmente en las puertas del Congreso nacional. A partir de entonces, estas marchas fueron creciendo y diversific\u00e1ndose a\u00f1o a a\u00f1o, incorporando demandas y expresiones muy variadas e interpelando fuertemente a todo la sociedad.<\/p>\n\n\n\n<p class=\"has-background has-pale-pink-background-color\">\u201cLa violencia hacia las mujeres e identidades disidentes es un problema socio cultural estructural, que nos acompa\u00f1a desde hace d\u00e9cadas\u201d, sostuvieron los diputados y remarcaron que \u201cel Estado tiene la responsabilidad de desarrollar pol\u00edticas p\u00fablicas que colaboren a mitigar las desigualdades, as\u00ed como de llevar registros que permitan dimensionar con precisi\u00f3n la problem\u00e1tica\u201d.<\/p>\n\n\n\n<p>Seg\u00fan el informe del Observatorio de Femicidios de la Defensor\u00eda del Pueblo de la Naci\u00f3n, desde el a\u00f1o 2008 hasta el 2017 se produjeron 2679 asesinatos producto de la violencia de g\u00e9nero en todo el pa\u00eds. El n\u00famero de v\u00edctimas en 2018 asciende a 281, mientras que en lo que va del 2019 ya suman m\u00e1s de 100.<\/p>\n\n\n\n<p>Sobre esa l\u00ednea los legisladores explicaron que \u201cel piso de derechos construido desde la recuperaci\u00f3n democr\u00e1tica hasta el presente es un terreno f\u00e9rtil para seguir avanzando en iniciativas igualitarias, que requieren del compromiso transversal de todos los sectores\u201d y sentenciaron que \u201cel movimiento de mujeres sigue invitando a nuevas transformaciones que se traman con la defensa de las conquistas hist\u00f3ricas: desde la obtenci\u00f3n del divorcio, la patria potestad y la ley de cupo en la d\u00e9cada del ochenta, hasta otras m\u00e1s recientes, como el matrimonio igualitario, el reconocimiento de la identidad de g\u00e9nero y los derechos a la salud y la educaci\u00f3n sexual\u201d.<br><\/p>\n","protected":false},"excerpt":{"rendered":"<p>La Legislatura Porte\u00f1a adhiri\u00f3 a la pr\u00f3xima marcha de mujeres de \u00e9ste lunes 3 de junio. Como todos los a\u00f1os, las mujeres nos movilizamos para expresarnos contra los femicidios en nuestro pa\u00eds. Seg\u00fan Parlamentario.com, tal y como ocurre cada a\u00f1o desde 2015, la Legislatura porte\u00f1a volvi\u00f3 a adherir a la masiva movilizaci\u00f3n por el \u201cNi [&hellip;]<\/p>\n","protected":false},"author":1,"featured_media":3269,"comment_status":"open","ping_status":"open","sticky":false,"template":"","format":"standard","meta":{"inline_featured_image":false,"_monsterinsights_skip_tracking":false,"_monsterinsights_sitenote_active":false,"_monsterinsights_sitenote_note":"","_monsterinsights_sitenote_category":0,"lzb_camalote_bajada":"","lzb_camalote_fotogalerias_repeater":"","lzb_camalote_fotogalerias_desc":"","lzb_camalote_fotogalerias_autorxs":"%5B%5D","lzb_camalote_post_imagen_destacada":"","lzb_camalote_post_imagen_destacada_fotografx":"","lzb_camalote_post_imagen_destacada_fotografx_url":"","_jetpack_memberships_contains_paid_content":false,"footnotes":""},"categories":[1],"tags":[],"class_list":["post-3268","post","type-post","status-publish","format-standard","has-post-thumbnail","hentry","category-sin-categoria"],"aioseo_notices":[],"jetpack_featured_media_url":"https:\/\/comunicadas.com.ar\/wp-content\/uploads\/2019\/05\/ni-una-menos-1.jpg","jetpack_sharing_enabled":true,"jetpack_likes_enabled":true,"_links":{"self":[{"href":"https:\/\/comunicadas.com.ar\/index.php\/wp-json\/wp\/v2\/posts\/3268"}],"collection":[{"href":"https:\/\/comunicadas.com.ar\/index.php\/wp-json\/wp\/v2\/posts"}],"about":[{"href":"https:\/\/comunicadas.com.ar\/index.php\/wp-json\/wp\/v2\/types\/post"}],"author":[{"embeddable":true,"href":"https:\/\/comunicadas.com.ar\/index.php\/wp-json\/wp\/v2\/users\/1"}],"replies":[{"embeddable":true,"href":"https:\/\/comunicadas.com.ar\/index.php\/wp-json\/wp\/v2\/comments?post=3268"}],"version-history":[{"count":0,"href":"https:\/\/comunicadas.com.ar\/index.php\/wp-json\/wp\/v2\/posts\/3268\/revisions"}],"wp:featuredmedia":[{"embeddable":true,"href":"https:\/\/comunicadas.com.ar\/index.php\/wp-json\/wp\/v2\/media\/3269"}],"wp:attachment":[{"href":"https:\/\/comunicadas.com.ar\/index.php\/wp-json\/wp\/v2\/media?parent=3268"}],"wp:term":[{"taxonomy":"category","embeddable":true,"href":"https:\/\/comunicadas.com.ar\/index.php\/wp-json\/wp\/v2\/categories?post=3268"},{"taxonomy":"post_tag","embeddable":true,"href":"https:\/\/comunicadas.com.ar\/index.php\/wp-json\/wp\/v2\/tags?post=3268"}],"curies":[{"name":"wp","href":"https:\/\/api.w.org\/{rel}","templated":true}]}}