{"id":3261,"date":"2019-05-28T15:38:23","date_gmt":"2019-05-28T18:38:23","guid":{"rendered":"http:\/\/comunicadas.com.ar\/?p=3261"},"modified":"2019-05-28T15:38:23","modified_gmt":"2019-05-28T18:38:23","slug":"el-aborto-clandestino-suma-una-nueva-muerte-en-pacheco","status":"publish","type":"post","link":"https:\/\/comunicadas.com.ar\/index.php\/2019\/05\/28\/el-aborto-clandestino-suma-una-nueva-muerte-en-pacheco\/","title":{"rendered":"El aborto clandestino suma una nueva muerte en Pacheco"},"content":{"rendered":"\n<p>Una mujer de 32 a\u00f1os, de nacionalidad paraguaya, madre\nde tres hijes, muri\u00f3 el 20\/05 tras llegar al hospital provincial de General\nPacheco luego de practicarse un aborto clandestino. Organizaciones feministas\nde Zona Norte realizaron hoy a las 13 un pa\u00f1uelazo frente al Hospital de\nPacheco.&nbsp;<\/p>\n\n\n\n<p>A horas de la presentaci\u00f3n del octavo proyecto por el Aborto Legal, Seguro y Gratuito en Congreso y, parad\u00f3jicamente, en el D\u00eda Internacional de la Salud de la Mujer, organizaciones feministas de zona norte del conurbano bonaerense debieron realizar un segundo pa\u00f1uelazo verde contra el aborto clandestino en la puerta del Hospital Provincial de Agudos Magdalena V. de Mart\u00ednez para reclamar por una nueva muerte evitable.<\/p>\n\n\n\n<p>En un pa\u00eds en el que se realizan 450 mil abortos por\na\u00f1o, donde la principal cauda de muertes maternas es el aborto clandestino e\ninseguro, donde el 16% de los embarazos corresponden a adolescentes y una de\ncada cinco mujeres ha sufrido abusos en su infancia, la aplicaci\u00f3n de la ESI y\nla legalizaci\u00f3n del aborto son imperantes.<\/p>\n","protected":false},"excerpt":{"rendered":"<p>Una mujer de 32 a\u00f1os, de nacionalidad paraguaya, madre de tres hijes, muri\u00f3 el 20\/05 tras llegar al hospital provincial de General Pacheco luego de practicarse un aborto clandestino. Organizaciones feministas de Zona Norte realizaron hoy a las 13 un pa\u00f1uelazo frente al Hospital de Pacheco.&nbsp; A horas de la presentaci\u00f3n del octavo proyecto por [&hellip;]<\/p>\n","protected":false},"author":1,"featured_media":3263,"comment_status":"open","ping_status":"open","sticky":false,"template":"","format":"standard","meta":{"inline_featured_image":false,"_monsterinsights_skip_tracking":false,"_monsterinsights_sitenote_active":false,"_monsterinsights_sitenote_note":"","_monsterinsights_sitenote_category":0,"lzb_camalote_bajada":"","lzb_camalote_fotogalerias_repeater":"","lzb_camalote_fotogalerias_desc":"","lzb_camalote_fotogalerias_autorxs":"%5B%5D","lzb_camalote_post_imagen_destacada":"","lzb_camalote_post_imagen_destacada_fotografx":"","lzb_camalote_post_imagen_destacada_fotografx_url":"","_jetpack_memberships_contains_paid_content":false,"footnotes":""},"categories":[1],"tags":[],"class_list":["post-3261","post","type-post","status-publish","format-standard","has-post-thumbnail","hentry","category-sin-categoria"],"aioseo_notices":[],"jetpack_featured_media_url":"https:\/\/comunicadas.com.ar\/wp-content\/uploads\/2019\/05\/whatsapp-image-2019-05-28-at-13.40.13-1.jpeg","jetpack_sharing_enabled":true,"jetpack_likes_enabled":true,"_links":{"self":[{"href":"https:\/\/comunicadas.com.ar\/index.php\/wp-json\/wp\/v2\/posts\/3261"}],"collection":[{"href":"https:\/\/comunicadas.com.ar\/index.php\/wp-json\/wp\/v2\/posts"}],"about":[{"href":"https:\/\/comunicadas.com.ar\/index.php\/wp-json\/wp\/v2\/types\/post"}],"author":[{"embeddable":true,"href":"https:\/\/comunicadas.com.ar\/index.php\/wp-json\/wp\/v2\/users\/1"}],"replies":[{"embeddable":true,"href":"https:\/\/comunicadas.com.ar\/index.php\/wp-json\/wp\/v2\/comments?post=3261"}],"version-history":[{"count":0,"href":"https:\/\/comunicadas.com.ar\/index.php\/wp-json\/wp\/v2\/posts\/3261\/revisions"}],"wp:featuredmedia":[{"embeddable":true,"href":"https:\/\/comunicadas.com.ar\/index.php\/wp-json\/wp\/v2\/media\/3263"}],"wp:attachment":[{"href":"https:\/\/comunicadas.com.ar\/index.php\/wp-json\/wp\/v2\/media?parent=3261"}],"wp:term":[{"taxonomy":"category","embeddable":true,"href":"https:\/\/comunicadas.com.ar\/index.php\/wp-json\/wp\/v2\/categories?post=3261"},{"taxonomy":"post_tag","embeddable":true,"href":"https:\/\/comunicadas.com.ar\/index.php\/wp-json\/wp\/v2\/tags?post=3261"}],"curies":[{"name":"wp","href":"https:\/\/api.w.org\/{rel}","templated":true}]}}