{"id":3246,"date":"2019-05-23T16:35:15","date_gmt":"2019-05-23T19:35:15","guid":{"rendered":"http:\/\/comunicadas.com.ar\/?p=3246"},"modified":"2019-05-23T16:35:15","modified_gmt":"2019-05-23T19:35:15","slug":"a-pocos-dias-el-3-de-junio-la-provincia-de-cordoba-se-suma-a-la-adhesion-a-la-ley-micaela","status":"publish","type":"post","link":"https:\/\/comunicadas.com.ar\/index.php\/2019\/05\/23\/a-pocos-dias-el-3-de-junio-la-provincia-de-cordoba-se-suma-a-la-adhesion-a-la-ley-micaela\/","title":{"rendered":"A pocos d\u00edas el 3 de junio, la provincia de C\u00f3rdoba se suma a la adhesi\u00f3n a la ley Micaela"},"content":{"rendered":"\n<p style=\"text-align:justify;\">En abril de 2017 en Gualeguay, Sebasti\u00e1n Wagner y N\u00e9stor Pav\u00f3n abusaron de Micaela Garc\u00eda, joven de 21 a\u00f1os militante del Movimiento Evita, la asesinaron y descartaron su cuerpo, que fue encontrado una semana despu\u00e9s. Al mes siguiente, en honor a la incansable lucha de Micaela en pos de los derechos de las mujeres, diputados del FPV, Libres del Sur, Movimiento Evita y el Frente de Izquierda presentaron la \u201cley Micaela\u201d, que estableci\u00f3 la <strong>capacitaci\u00f3n obligatoria de todos los funcionarios del Estado en cuestiones de g\u00e9nero.<\/strong><br><\/p>\n\n\n\n<p style=\"text-align:justify;\">Ahora, a meses de su sanci\u00f3n en el Senado en diciembre de 2018, C\u00f3rdoba se adhiri\u00f3, sum\u00e1ndose a otras provincias y municipios: en la PBA est\u00e1n adheridos los municipios de La Plata, San Mart\u00edn, Pu\u00e1n, San Fernando, Escobar, Mar del Plata y el 05 de junio se tratar\u00e1 en sesi\u00f3n en el HCD de Moreno. Tambi\u00e9n se sumaron Sierra Grande (R\u00edo Negro), Chaco, Chubut, C\u00f3rdoba y Santa Cruz. En el caso particular de Ushuaia, la adhesi\u00f3n est\u00e1 siendo demorada ante la oposici\u00f3n de legisladores como Ricardo Romano, que alegan que se trata de \u201cadoctrinamiento en ideolog\u00eda de g\u00e9nero\u201d y proponen que las capacitaciones sean optativas.<\/p>\n\n\n\n<figure class=\"wp-block-image is-resized\"><img loading=\"lazy\" decoding=\"async\" src=\"https:\/\/comunicadasdotorg.files.wordpress.com\/2019\/05\/micaela2.jpg\" alt=\"\" class=\"wp-image-3249\" width=\"586\" height=\"310\" \/><\/figure>\n\n\n\n<p>Los puntos principales de la ley son:<\/p>\n\n\n\n<p style=\"text-align:justify;\">1) &nbsp;\t\"Establecer la capacitaci\u00f3n obligatoria en g\u00e9nero para todas las personas que integran los tres poderes del Estado\". &nbsp;<\/p>\n\n\n\n<p style=\"text-align:justify;\">2) &nbsp;\t\"La ley tiene por objetivo capacitar y sensibilizar a quienes integran los diferentes estamentos del Estado a los fines de dar cumplimiento a un deber que asumi\u00f3 nuestro pa\u00eds al firmar la Convenci\u00f3n Interamericana para prevenir, sancionar y erradicar la violencia contra la mujer\". &nbsp;<\/p>\n\n\n\n<p style=\"text-align:justify;\">3) &nbsp;\tCorresponder\u00e1 al Instituto Nacional de las Mujeres (INAM), a cargo de Mar\u00eda Fabiana T\u00fa\u00f1ez, hacer aplicar la ley. Ser\u00e1 tambi\u00e9n quien se encargue de formar directamente a las m\u00e1ximas autoridades del Estado en la tem\u00e1tica. &nbsp;<\/p>\n\n\n\n<p style=\"text-align:justify;\">4) &nbsp;\tEn cada uno de los organismos estatales, las capacitaciones se har\u00e1n en colaboraci\u00f3n con sus propias oficinas de g\u00e9nero, si ya las hubiera en funcionamiento. Para eso se crear\u00e1n materiales y programas nuevos, o se adaptar\u00e1n los existentes, de acuerdo a la normativa establecida por \"las convenciones vinculadas a la tem\u00e1tica de g\u00e9nero y violencia contra las mujeres suscriptas por el pa\u00eds\". &nbsp;<\/p>\n\n\n\n<p style=\"text-align:justify;\">5) &nbsp;\tEl INAM controlar\u00e1 la calidad de esos materiales y las capacitaciones deber\u00e1n estar en funcionamiento dentro del a\u00f1o de puesta en vigencia de la ley. &nbsp;<\/p>\n\n\n\n<p style=\"text-align:justify;\">6) \u00a0 Mediante su p\u00e1gina web, el INAM publicar\u00e1 informaci\u00f3n p\u00fablica respecto al grado de cumplimiento de las formaciones contra la violencia de g\u00e9nero en cada uno de los organismos del Estado y realizar\u00e1 informes de seguimiento sobre su impacto. Se considerar\u00e1 como una \"falta grave\", pasible de una sanci\u00f3n disciplinaria, que alg\u00fan empleado p\u00fablico se negase, \"sin causa justa\", a participar de las capacitaciones.<\/p>\n\n\n\n<p style=\"text-align:justify;\">Es clave que todas las provincias adhieran para prevenir, sancionar y erradicar la violencia contra las mujeres, por lo que el Estado debe tomar medidas preventivas y punitivas para que estas situaciones no queden impunes. <br><br><\/p>\n\n\n\n<p><br><\/p>\n","protected":false},"excerpt":{"rendered":"<p>En abril de 2017 en Gualeguay, Sebasti\u00e1n Wagner y N\u00e9stor Pav\u00f3n abusaron de Micaela Garc\u00eda, joven de 21 a\u00f1os militante del Movimiento Evita, la asesinaron y descartaron su cuerpo, que fue encontrado una semana despu\u00e9s. Al mes siguiente, en honor a la incansable lucha de Micaela en pos de los derechos de las mujeres, diputados [&hellip;]<\/p>\n","protected":false},"author":1,"featured_media":3248,"comment_status":"open","ping_status":"open","sticky":false,"template":"","format":"standard","meta":{"inline_featured_image":false,"_monsterinsights_skip_tracking":false,"_monsterinsights_sitenote_active":false,"_monsterinsights_sitenote_note":"","_monsterinsights_sitenote_category":0,"lzb_camalote_bajada":"","lzb_camalote_fotogalerias_repeater":"","lzb_camalote_fotogalerias_desc":"","lzb_camalote_fotogalerias_autorxs":"%5B%5D","lzb_camalote_post_imagen_destacada":"","lzb_camalote_post_imagen_destacada_fotografx":"","lzb_camalote_post_imagen_destacada_fotografx_url":"","_jetpack_memberships_contains_paid_content":false,"footnotes":""},"categories":[1],"tags":[],"class_list":["post-3246","post","type-post","status-publish","format-standard","has-post-thumbnail","hentry","category-sin-categoria"],"aioseo_notices":[],"jetpack_featured_media_url":"https:\/\/comunicadas.com.ar\/wp-content\/uploads\/2019\/05\/micaela-1.jpg","jetpack_sharing_enabled":true,"jetpack_likes_enabled":true,"_links":{"self":[{"href":"https:\/\/comunicadas.com.ar\/index.php\/wp-json\/wp\/v2\/posts\/3246"}],"collection":[{"href":"https:\/\/comunicadas.com.ar\/index.php\/wp-json\/wp\/v2\/posts"}],"about":[{"href":"https:\/\/comunicadas.com.ar\/index.php\/wp-json\/wp\/v2\/types\/post"}],"author":[{"embeddable":true,"href":"https:\/\/comunicadas.com.ar\/index.php\/wp-json\/wp\/v2\/users\/1"}],"replies":[{"embeddable":true,"href":"https:\/\/comunicadas.com.ar\/index.php\/wp-json\/wp\/v2\/comments?post=3246"}],"version-history":[{"count":0,"href":"https:\/\/comunicadas.com.ar\/index.php\/wp-json\/wp\/v2\/posts\/3246\/revisions"}],"wp:featuredmedia":[{"embeddable":true,"href":"https:\/\/comunicadas.com.ar\/index.php\/wp-json\/wp\/v2\/media\/3248"}],"wp:attachment":[{"href":"https:\/\/comunicadas.com.ar\/index.php\/wp-json\/wp\/v2\/media?parent=3246"}],"wp:term":[{"taxonomy":"category","embeddable":true,"href":"https:\/\/comunicadas.com.ar\/index.php\/wp-json\/wp\/v2\/categories?post=3246"},{"taxonomy":"post_tag","embeddable":true,"href":"https:\/\/comunicadas.com.ar\/index.php\/wp-json\/wp\/v2\/tags?post=3246"}],"curies":[{"name":"wp","href":"https:\/\/api.w.org\/{rel}","templated":true}]}}