{"id":3205,"date":"2019-05-17T15:00:17","date_gmt":"2019-05-17T18:00:17","guid":{"rendered":"http:\/\/comunicadas.com.ar\/?p=3205"},"modified":"2019-05-17T15:00:17","modified_gmt":"2019-05-17T18:00:17","slug":"micaela-garcia-campana-para-que-no-se-reduzca-la-pena-de-wagner-y-pavon","status":"publish","type":"post","link":"https:\/\/comunicadas.com.ar\/index.php\/2019\/05\/17\/micaela-garcia-campana-para-que-no-se-reduzca-la-pena-de-wagner-y-pavon\/","title":{"rendered":"Micaela Garc\u00eda: Campa\u00f1a para que no se reduzca la pena de Wagner y Pav\u00f3n"},"content":{"rendered":"\n<p style=\"background-color:#2a00a3;\" class=\"has-text-color has-background has-very-light-gray-color\">La audiencia de la C\u00e1mara de Casaci\u00f3n Penal de Paran\u00e1, Entre R\u00edos, que se llevar\u00e1 a cabo el martes puede definir la suerte de Sebasti\u00e1n Wagner y N\u00e9stor Pav\u00f3n, femicidas de la joven Micaela Garc\u00eda. Sus abogados quieren que se reduzca la pena y eso motiv\u00f3 la organizaci\u00f3n de diferentes sectores para evitarlo.<br><\/p>\n\n\n\n<p>Seg\u00fan el portal entrerriano, <a href=\"https:\/\/gualeguayhoy.com\/micaela-somos-todxs-lanzan-una-campana-para-que-no-se-reduzca-la-pena-de-wagner-y-pavon\">GualeguayHoy.com<\/a>, el pedido de la defensa de Sebasti\u00e1n Wagner y N\u00e9stor Pav\u00f3n, para que se les reduzca la condena, ser\u00e1 tratado en la C\u00e1mara de Casaci\u00f3n Penal de Paran\u00e1 el pr\u00f3ximo martes. Por tal motivo, desde la JP Evita provincial, se lleva adelante una campa\u00f1a que se denomin\u00f3 \u00abMicaela Somos Todxs\u00bb. \u00abConsiste en la realizaci\u00f3n de un cartel con el mensaje \u2018No a la reducci\u00f3n de la condena\u2019, que ya est\u00e1 hecho\u00bb, comenz\u00f3 Walter Lescano, referente local. Luego, continu\u00f3: \u00abDurante este fin de semana vamos a estar saliendo a la calle en todas las ciudades entrerrianas para contarle a la gente lo que est\u00e1 pasando. A su vez, vamos a invitarlos a sacarse una foto que luego se viralizar\u00e1 a trav\u00e9s de las redes sociales. Dentro de nuestra agrupaci\u00f3n, tom\u00f3 importancia nacional. El d\u00eda domingo vamos a tratar de hacer tendencia el hashtag #MicaelaSomosTodxs\u00bb. El mismo d\u00eda de la decisi\u00f3n judicial habr\u00e1 movida tambi\u00e9n: \u00abEl d\u00eda martes vamos a movilizarnos a Tribunales manifestando nuestro repudio en todas las ciudades y habr\u00e1 una movilizaci\u00f3n en Paran\u00e1\u00bb, finaliz\u00f3. Compartimos el flyer de la campa\u00f1a.<br><\/p>\n\n\n\n<figure class=\"wp-block-image\"><img decoding=\"async\" src=\"https:\/\/comunicadasdotorg.files.wordpress.com\/2019\/05\/60453253_854867201548076_2380473726748590080_n.jpg\" alt=\"\" \/><\/figure>\n","protected":false},"excerpt":{"rendered":"<p>La audiencia de la C\u00e1mara de Casaci\u00f3n Penal de Paran\u00e1, Entre R\u00edos, que se llevar\u00e1 a cabo el martes puede definir la suerte de Sebasti\u00e1n Wagner y N\u00e9stor Pav\u00f3n, femicidas de la joven Micaela Garc\u00eda. Sus abogados quieren que se reduzca la pena y eso motiv\u00f3 la organizaci\u00f3n de diferentes sectores para evitarlo. Seg\u00fan el [&hellip;]<\/p>\n","protected":false},"author":1,"featured_media":3207,"comment_status":"open","ping_status":"open","sticky":false,"template":"","format":"standard","meta":{"inline_featured_image":false,"_monsterinsights_skip_tracking":false,"_monsterinsights_sitenote_active":false,"_monsterinsights_sitenote_note":"","_monsterinsights_sitenote_category":0,"lzb_camalote_bajada":"","lzb_camalote_fotogalerias_repeater":"","lzb_camalote_fotogalerias_desc":"","lzb_camalote_fotogalerias_autorxs":"%5B%5D","lzb_camalote_post_imagen_destacada":"","lzb_camalote_post_imagen_destacada_fotografx":"","lzb_camalote_post_imagen_destacada_fotografx_url":"","_jetpack_memberships_contains_paid_content":false,"footnotes":""},"categories":[1],"tags":[],"class_list":["post-3205","post","type-post","status-publish","format-standard","has-post-thumbnail","hentry","category-sin-categoria"],"aioseo_notices":[],"jetpack_featured_media_url":"https:\/\/comunicadas.com.ar\/wp-content\/uploads\/2019\/05\/micaela-primer-plano-696x392-1.jpg","jetpack_sharing_enabled":true,"jetpack_likes_enabled":true,"_links":{"self":[{"href":"https:\/\/comunicadas.com.ar\/index.php\/wp-json\/wp\/v2\/posts\/3205"}],"collection":[{"href":"https:\/\/comunicadas.com.ar\/index.php\/wp-json\/wp\/v2\/posts"}],"about":[{"href":"https:\/\/comunicadas.com.ar\/index.php\/wp-json\/wp\/v2\/types\/post"}],"author":[{"embeddable":true,"href":"https:\/\/comunicadas.com.ar\/index.php\/wp-json\/wp\/v2\/users\/1"}],"replies":[{"embeddable":true,"href":"https:\/\/comunicadas.com.ar\/index.php\/wp-json\/wp\/v2\/comments?post=3205"}],"version-history":[{"count":0,"href":"https:\/\/comunicadas.com.ar\/index.php\/wp-json\/wp\/v2\/posts\/3205\/revisions"}],"wp:featuredmedia":[{"embeddable":true,"href":"https:\/\/comunicadas.com.ar\/index.php\/wp-json\/wp\/v2\/media\/3207"}],"wp:attachment":[{"href":"https:\/\/comunicadas.com.ar\/index.php\/wp-json\/wp\/v2\/media?parent=3205"}],"wp:term":[{"taxonomy":"category","embeddable":true,"href":"https:\/\/comunicadas.com.ar\/index.php\/wp-json\/wp\/v2\/categories?post=3205"},{"taxonomy":"post_tag","embeddable":true,"href":"https:\/\/comunicadas.com.ar\/index.php\/wp-json\/wp\/v2\/tags?post=3205"}],"curies":[{"name":"wp","href":"https:\/\/api.w.org\/{rel}","templated":true}]}}