{"id":3148,"date":"2019-05-13T12:00:52","date_gmt":"2019-05-13T15:00:52","guid":{"rendered":"http:\/\/comunicadas.com.ar\/?p=3148"},"modified":"2019-05-13T12:00:52","modified_gmt":"2019-05-13T15:00:52","slug":"juicio-a-un-medico-que-impidio-un-aborto-no-punible","status":"publish","type":"post","link":"https:\/\/comunicadas.com.ar\/index.php\/2019\/05\/13\/juicio-a-un-medico-que-impidio-un-aborto-no-punible\/","title":{"rendered":"Juicio a un m\u00e9dico que impidi\u00f3 un aborto no punible"},"content":{"rendered":"\n<p><strong>Leandro Rodr\u00edguez Lastra se neg\u00f3 a interrumpir el embarazo de una joven violada<br><\/strong><\/p>\n\n\n\n<p>Seg\u00fan <a href=\"https:\/\/www.pagina12.com.ar\/193420-juicio-a-un-medico-que-impidio-un-aborto-no-punible\">P\u00e1gina 12<\/a>, el ginec\u00f3logo Leandro Rodr\u00edguez Lastra (43), acusado de haber impedido un aborto no punible a una joven embarazada producto de una violaci\u00f3n en 2017, ser\u00e1 juzgado a partir de hoy en la ciudad rionegrina de Cipolletti por el delito de \u201cincumplimiento de los deberes de funcionario p\u00fablico\u201d, seg\u00fan inform\u00f3 el Ministerio P\u00fablico Fiscal.<\/p>\n\n\n\n<div class=\"wp-block-image\"><figure class=\"aligncenter\"><img decoding=\"async\" src=\"https:\/\/comunicadasdotorg.files.wordpress.com\/2019\/05\/medico.jpg\" alt=\"\" \/><figcaption>Leandro Rodr\u00edguez Lastra.<\/figcaption><\/figure><\/div>\n\n\n\n<p><\/p>\n\n\n\n<p>El caso ocurri\u00f3 el 2 de abril de 2017, cuando la joven de 19 a\u00f1os lleg\u00f3 al hospital Pedro Moguillansky de Cipoletti, derivada del centro de salud de la localidad Fern\u00e1ndez Oro mientras ya cursaba un aborto. Rodr\u00edguez Lastra era jefe del servicio de Ginecolog\u00eda del hospital. El m\u00e9dico cont\u00f3 en distintos reportajes que luego de evaluar el caso resolvi\u00f3 impedir que el aborto se produzca mediante la aplicaci\u00f3n de medicamentos, accionando contrariamente a lo indicado por la ley provincial 4.796, el decreto provincial 182\/2016 y la ley nacional 26.485.\u00a0<\/p>\n\n\n\n<p>Luego de hacerse p\u00fablico el hecho, el ginec\u00f3logo y la doctora Yamila Custillo \u2013quien finalmente qued\u00f3 fuera de la acusaci\u00f3n en mayo de 2018\u2013, fueron denunciados por la diputada por R\u00edo Negro, Marta Milessi, defensora y autora de la ley 4796 que regula y controla la atenci\u00f3n sanitaria en casos de abortos no punibles. La joven fue obligada a seguir con un embarazo no deseado y el beb\u00e9 fue dado en adopci\u00f3n.<\/p>\n","protected":false},"excerpt":{"rendered":"<p>Leandro Rodr\u00edguez Lastra se neg\u00f3 a interrumpir el embarazo de una joven violada Seg\u00fan P\u00e1gina 12, el ginec\u00f3logo Leandro Rodr\u00edguez Lastra (43), acusado de haber impedido un aborto no punible a una joven embarazada producto de una violaci\u00f3n en 2017, ser\u00e1 juzgado a partir de hoy en la ciudad rionegrina de Cipolletti por el delito [&hellip;]<\/p>\n","protected":false},"author":1,"featured_media":3152,"comment_status":"open","ping_status":"open","sticky":false,"template":"","format":"standard","meta":{"inline_featured_image":false,"_monsterinsights_skip_tracking":false,"_monsterinsights_sitenote_active":false,"_monsterinsights_sitenote_note":"","_monsterinsights_sitenote_category":0,"lzb_camalote_bajada":"","lzb_camalote_fotogalerias_repeater":"","lzb_camalote_fotogalerias_desc":"","lzb_camalote_fotogalerias_autorxs":"%5B%5D","lzb_camalote_post_imagen_destacada":"","lzb_camalote_post_imagen_destacada_fotografx":"","lzb_camalote_post_imagen_destacada_fotografx_url":"","_jetpack_memberships_contains_paid_content":false,"footnotes":""},"categories":[1],"tags":[],"class_list":["post-3148","post","type-post","status-publish","format-standard","has-post-thumbnail","hentry","category-sin-categoria"],"aioseo_notices":[],"jetpack_featured_media_url":"https:\/\/comunicadas.com.ar\/wp-content\/uploads\/2019\/05\/aborto-legal-1.jpg","jetpack_sharing_enabled":true,"jetpack_likes_enabled":true,"_links":{"self":[{"href":"https:\/\/comunicadas.com.ar\/index.php\/wp-json\/wp\/v2\/posts\/3148"}],"collection":[{"href":"https:\/\/comunicadas.com.ar\/index.php\/wp-json\/wp\/v2\/posts"}],"about":[{"href":"https:\/\/comunicadas.com.ar\/index.php\/wp-json\/wp\/v2\/types\/post"}],"author":[{"embeddable":true,"href":"https:\/\/comunicadas.com.ar\/index.php\/wp-json\/wp\/v2\/users\/1"}],"replies":[{"embeddable":true,"href":"https:\/\/comunicadas.com.ar\/index.php\/wp-json\/wp\/v2\/comments?post=3148"}],"version-history":[{"count":0,"href":"https:\/\/comunicadas.com.ar\/index.php\/wp-json\/wp\/v2\/posts\/3148\/revisions"}],"wp:featuredmedia":[{"embeddable":true,"href":"https:\/\/comunicadas.com.ar\/index.php\/wp-json\/wp\/v2\/media\/3152"}],"wp:attachment":[{"href":"https:\/\/comunicadas.com.ar\/index.php\/wp-json\/wp\/v2\/media?parent=3148"}],"wp:term":[{"taxonomy":"category","embeddable":true,"href":"https:\/\/comunicadas.com.ar\/index.php\/wp-json\/wp\/v2\/categories?post=3148"},{"taxonomy":"post_tag","embeddable":true,"href":"https:\/\/comunicadas.com.ar\/index.php\/wp-json\/wp\/v2\/tags?post=3148"}],"curies":[{"name":"wp","href":"https:\/\/api.w.org\/{rel}","templated":true}]}}