{"id":2909,"date":"2019-04-14T11:38:08","date_gmt":"2019-04-14T14:38:08","guid":{"rendered":"http:\/\/comunicadas.com.ar\/?p=2909"},"modified":"2019-04-14T11:38:08","modified_gmt":"2019-04-14T14:38:08","slug":"tucuman-el-unico-refugio-para-victimas-de-violencia-de-genero-esta-clausurado-el-gobierno-nacional-prometio-36-refugios-solo-construyo-10","status":"publish","type":"post","link":"https:\/\/comunicadas.com.ar\/index.php\/2019\/04\/14\/tucuman-el-unico-refugio-para-victimas-de-violencia-de-genero-esta-clausurado-el-gobierno-nacional-prometio-36-refugios-solo-construyo-10\/","title":{"rendered":"Tucum\u00e1n: el \u00fanico refugio para v\u00edctimas de violencia de g\u00e9nero est\u00e1 clausurado. El gobierno nacional prometi\u00f3 36 refugios, solo construy\u00f3 10"},"content":{"rendered":"\n<p> <strong>El \u00fanico refugio para mujeres v\u00edctimas de violencia machista de la provincia lleva cuatros meses sin funcionar porque se inunda cuando llueve<\/strong>. El \u201cRefugio Hogar para Mujeres y sus Hijos V\u00edctimas de la Violencia\u201d, que depende de la Municipalidad de <strong>San Miguel de Tucum\u00e1n, <\/strong>cerr\u00f3 sus puertas en diciembre hasta que se reparen las filtraciones en el techo. <\/p>\n\n\n\n<p> El \u201cRefugio Hogar para Mujeres y sus Hijos V\u00edctimas de la Violencia\u201d, que depende de la Municipalidad de San Miguel de Tucum\u00e1n, cerr\u00f3 sus puertas en diciembre hasta que se reparen las filtraciones en el techo. <\/p>\n\n\n\n<p>Este refugio fue inaugurado en diciembre de 2016 por la Municipalidad.  <br>En un ala del predio se alberga a personas en situaci\u00f3n de indigencia para evitar que duerman en la calle, y en el otro sector se alberga a las mujeres. En dos a\u00f1os de funcionamiento, <strong>el Refugio recibi\u00f3 a 62 mujeres y a 119 ni\u00f1os.\u00a0 <\/strong><\/p>\n\n\n\n<p> <strong>De acuerdo con el Plan Nacional de Acci\u00f3n para la Prevenci\u00f3n, Asistencia y Erradicaci\u00f3n de la Violencia contra las Mujeres para 2017-2019, -dentro de la Ley de Protecci\u00f3n Integral a las Mujeres (26.485)-, se contempl\u00f3 la construcci\u00f3n de 36 refugios u Hogares de Protecci\u00f3n Integral en todo el pa\u00eds. Seg\u00fan datos del Instituto Nacional de la Mujer (INAM), s\u00f3lo se construyeron y equiparon 10 durante la gesti\u00f3n de Mauricio Macri. <\/strong><\/p>\n\n\n\n<p> A Tucum\u00e1n se le asign\u00f3 un proyecto con fondos nacionales, pero no comenz\u00f3. El proyecto aceptado por Naci\u00f3n, para Tucum\u00e1n, contemplaba remodelar las instalaciones del ex Agromec\u00e1nico General Belgrano en Taf\u00ed Viejo. Sin embargo, el INAM modific\u00f3 los proyectos para ofrecer fondos para equipamiento. <\/p>\n\n\n\n<p>El Ministerio del Interior de la Naci\u00f3n<strong> s\u00f3lo tiene planificada la construcci\u00f3n de tres hogares m\u00e1s<\/strong>, de acuerdo con los datos obtenidos por el sitio especializado<strong> Chequeado.com.\u00a0<\/strong><\/p>\n\n\n\n<p>Los tres hogares se har\u00e1n en Jun\u00edn, La Plata y Quilmes -municipios de Cambiemos-, con un presupuesto de $40 millones. <strong>Por fuera de este esquema de construcci\u00f3n con el Ministerio del Interior, se hicieron nueve refugios m\u00e1s, seg\u00fan inform\u00f3 el INAM a Chequeado.com. En muchos de esos casos se trataba de refugios que fueron iniciados o planificados durante la gesti\u00f3n anterior.<\/strong><\/p>\n\n\n\n<p>Con un Estado ausente resolver la emergencia en violencia de g\u00e9nero que vive el pa\u00eds ser\u00e1 imposible. Sin un Estado comprometido con fondos y recursos bajar la tasa de femicidio no ocurrir\u00e1. Es necesaria la contenci\u00f3n de las v\u00edctimas de violencia, la posibilidad de ofrecer una salida econ\u00f3mica que le permita desvincularse del violento al igual que un hogar para acomodarse. <\/p>\n\n\n\n<p>El gobierno nacional ni siquiera respeta el Plan de Acci\u00f3n acordado en el a\u00f1o 2017 para erradicar la violencia contra las mujeres. Mientras, nos siguen matando. <\/p>\n","protected":false},"excerpt":{"rendered":"<p>El \u00fanico refugio para mujeres v\u00edctimas de violencia machista de la provincia lleva cuatros meses sin funcionar porque se inunda cuando llueve. El \u201cRefugio Hogar para Mujeres y sus Hijos V\u00edctimas de la Violencia\u201d, que depende de la Municipalidad de San Miguel de Tucum\u00e1n, cerr\u00f3 sus puertas en diciembre hasta que se reparen las filtraciones [&hellip;]<\/p>\n","protected":false},"author":1,"featured_media":2911,"comment_status":"open","ping_status":"open","sticky":false,"template":"","format":"standard","meta":{"inline_featured_image":false,"_monsterinsights_skip_tracking":false,"_monsterinsights_sitenote_active":false,"_monsterinsights_sitenote_note":"","_monsterinsights_sitenote_category":0,"lzb_camalote_bajada":"","lzb_camalote_fotogalerias_repeater":"","lzb_camalote_fotogalerias_desc":"","lzb_camalote_fotogalerias_autorxs":"%5B%5D","lzb_camalote_post_imagen_destacada":"","lzb_camalote_post_imagen_destacada_fotografx":"","lzb_camalote_post_imagen_destacada_fotografx_url":"","_jetpack_memberships_contains_paid_content":false,"footnotes":""},"categories":[2,19],"tags":[665,879,916],"class_list":["post-2909","post","type-post","status-publish","format-standard","has-post-thumbnail","hentry","category-niunamenos","category-noticias","tag-ni-una-menos","tag-tucuman","tag-violencia-machista"],"aioseo_notices":[],"jetpack_featured_media_url":"https:\/\/comunicadas.com.ar\/wp-content\/uploads\/2019\/04\/0018670814-1.jpg","jetpack_sharing_enabled":true,"jetpack_likes_enabled":true,"_links":{"self":[{"href":"https:\/\/comunicadas.com.ar\/index.php\/wp-json\/wp\/v2\/posts\/2909"}],"collection":[{"href":"https:\/\/comunicadas.com.ar\/index.php\/wp-json\/wp\/v2\/posts"}],"about":[{"href":"https:\/\/comunicadas.com.ar\/index.php\/wp-json\/wp\/v2\/types\/post"}],"author":[{"embeddable":true,"href":"https:\/\/comunicadas.com.ar\/index.php\/wp-json\/wp\/v2\/users\/1"}],"replies":[{"embeddable":true,"href":"https:\/\/comunicadas.com.ar\/index.php\/wp-json\/wp\/v2\/comments?post=2909"}],"version-history":[{"count":0,"href":"https:\/\/comunicadas.com.ar\/index.php\/wp-json\/wp\/v2\/posts\/2909\/revisions"}],"wp:featuredmedia":[{"embeddable":true,"href":"https:\/\/comunicadas.com.ar\/index.php\/wp-json\/wp\/v2\/media\/2911"}],"wp:attachment":[{"href":"https:\/\/comunicadas.com.ar\/index.php\/wp-json\/wp\/v2\/media?parent=2909"}],"wp:term":[{"taxonomy":"category","embeddable":true,"href":"https:\/\/comunicadas.com.ar\/index.php\/wp-json\/wp\/v2\/categories?post=2909"},{"taxonomy":"post_tag","embeddable":true,"href":"https:\/\/comunicadas.com.ar\/index.php\/wp-json\/wp\/v2\/tags?post=2909"}],"curies":[{"name":"wp","href":"https:\/\/api.w.org\/{rel}","templated":true}]}}