{"id":2825,"date":"2019-04-05T21:12:48","date_gmt":"2019-04-06T00:12:48","guid":{"rendered":"http:\/\/comunicadas.com.ar\/?p=2825"},"modified":"2019-04-05T21:12:48","modified_gmt":"2019-04-06T00:12:48","slug":"caso-luna-ortiz-piden-18-anos-de-condena-para-el-femicida-isaias-villarreal","status":"publish","type":"post","link":"https:\/\/comunicadas.com.ar\/index.php\/2019\/04\/05\/caso-luna-ortiz-piden-18-anos-de-condena-para-el-femicida-isaias-villarreal\/","title":{"rendered":"Caso Luna Ort\u00edz: Piden 18 a\u00f1os de condena para el femicida Isa\u00edas Villarreal"},"content":{"rendered":"\n<p>El fiscal de la causa pidi\u00f3 <strong>18 a\u00f1os de condena para Isa\u00edas Villarreal<\/strong>, \u00fanico responsable directo por el femicidio de la joven Luna Ortiz. <strong>La sentencia se conocer\u00e1 el jueves 25 de abril a las 13 hs. en el TOC 7 de San Isidro.<\/strong><br><\/p>\n\n\n\n<figure class=\"wp-block-image\"><img decoding=\"async\" src=\"https:\/\/comunicadasdotorg.files.wordpress.com\/2019\/04\/whatsapp-image-2019-04-05-at-6.14.15-pm.jpeg\" alt=\"\" \/><\/figure>\n\n\n\n<p>En lo que fue el tercer d\u00eda del juicio por el caso de Luna Ortiz, luego de la lectura de los alegatos en el TOC 7 de San Isidro, se conoci\u00f3 que el fiscal Marcelo Fuenzalida pidi\u00f3 <strong>\"la pena m\u00e1xima de 18 a\u00f1os por abandono de persona, m\u00e1s el agravante por suministro de drogas<\/strong>\" para Isa\u00edas Villarreal, principal responsable por el asesinato de la joven de Tigre. La condena corresponde a la car\u00e1tula \"abandono de persona\" y no femicidio como se pidi\u00f3 el primer d\u00eda del juicio, el pasado mi\u00e9rcoles. Por otra parte,<strong> la familia solicit\u00f3 condenas por abuso sexual y falso testimonio para dos c\u00f3mplices y dos testigos de Villarreal<\/strong>, respectivamente. Entonces, se espera que el jueves 25 de abril haya m\u00e1s condenados, <em>\"los testigos de Villarreal se contradijeron todo el tiempo el mi\u00e9rcoles cuando hablaron y creo que eso llam\u00f3 la atenci\u00f3n de los jueces\"<\/em>, explicaron.&nbsp;<\/p>\n\n\n\n<figure class=\"wp-block-image\"><img decoding=\"async\" src=\"https:\/\/comunicadasdotorg.files.wordpress.com\/2019\/04\/whatsapp-image-2019-04-05-at-6.30.26-pm.jpeg\" alt=\"\" \/><\/figure>\n\n\n\n<p><strong>Facundo Ort\u00edz, pap\u00e1 de Luna<\/strong>, dijo a los presentes que aguardaban novedades en la puerta del Tribunal de Av. Centenario: <em>\"esperemos que esos 18 a\u00f1os los haga firme el Tribunal el d\u00eda de la sentencia. Agradezco el apoyo de todos los que vinieron a acompa\u00f1arnos en estos d\u00edas tan dif\u00edciles y los esperamos nuevamente el jueves 25 de abril a las 13 hs\"<\/em>.<\/p>\n\n\n\n<p>Y\u00e9sica Arroyo del Movimiento Evita de Tigre, responsable de Mujeres Evita local y compa\u00f1era de militancia de Luna Ort\u00edz, opin\u00f3: <em>\"Los 18 a\u00f1os de condena no nos van a devolver a Luna y es una l\u00e1stima que la causa no se haya caratulado y juzgado como femicidio, porque Luna apareci\u00f3 muerta en la casa de Villarreal. Igualmente, la justicia tiene la oportunidad de hacer firme esta condena para que ning\u00fan femicida ni violador siga suelto\". <\/em><br><\/p>\n\n\n\n<figure class=\"wp-block-image\"><img decoding=\"async\" src=\"https:\/\/comunicadasdotorg.files.wordpress.com\/2019\/04\/56852720_847223825634987_2429685887227920384_n.jpg\" alt=\"\" \/><figcaption>Gustavo Melmann, pap\u00e1 de Natalia Melmann, apoy\u00f3 fuertemente a la familia de Luna (izq). PH: Carla G\u00f3mez, Defensor\u00edas de G\u00e9nero<\/figcaption><\/figure>\n\n\n\n<p>Durante los tres d\u00edas del juicio, acompa\u00f1aron a familiares y amigos de Luna, distintas organizaciones sociales y pol\u00edticas, familiares de mujeres v\u00edctimas de trata y femicidio; y <strong>Gustavo Melmann, pap\u00e1 de Natalia Melmann<\/strong>, la joven de Miramar asesinada en el a\u00f1o 2001. <br><br><br><\/p>\n","protected":false},"excerpt":{"rendered":"<p>El fiscal de la causa pidi\u00f3 18 a\u00f1os de condena para Isa\u00edas Villarreal, \u00fanico responsable directo por el femicidio de la joven Luna Ortiz. La sentencia se conocer\u00e1 el jueves 25 de abril a las 13 hs. en el TOC 7 de San Isidro. En lo que fue el tercer d\u00eda del juicio por el [&hellip;]<\/p>\n","protected":false},"author":1,"featured_media":2829,"comment_status":"open","ping_status":"open","sticky":false,"template":"","format":"standard","meta":{"inline_featured_image":false,"_monsterinsights_skip_tracking":false,"_monsterinsights_sitenote_active":false,"_monsterinsights_sitenote_note":"","_monsterinsights_sitenote_category":0,"lzb_camalote_bajada":"","lzb_camalote_fotogalerias_repeater":"","lzb_camalote_fotogalerias_desc":"","lzb_camalote_fotogalerias_autorxs":"%5B%5D","lzb_camalote_post_imagen_destacada":"","lzb_camalote_post_imagen_destacada_fotografx":"","lzb_camalote_post_imagen_destacada_fotografx_url":"","_jetpack_memberships_contains_paid_content":false,"footnotes":""},"categories":[1],"tags":[],"class_list":["post-2825","post","type-post","status-publish","format-standard","has-post-thumbnail","hentry","category-sin-categoria"],"aioseo_notices":[],"jetpack_featured_media_url":"https:\/\/comunicadas.com.ar\/wp-content\/uploads\/2019\/04\/foto1lunaortiz-1.jpeg","jetpack_sharing_enabled":true,"jetpack_likes_enabled":true,"_links":{"self":[{"href":"https:\/\/comunicadas.com.ar\/index.php\/wp-json\/wp\/v2\/posts\/2825"}],"collection":[{"href":"https:\/\/comunicadas.com.ar\/index.php\/wp-json\/wp\/v2\/posts"}],"about":[{"href":"https:\/\/comunicadas.com.ar\/index.php\/wp-json\/wp\/v2\/types\/post"}],"author":[{"embeddable":true,"href":"https:\/\/comunicadas.com.ar\/index.php\/wp-json\/wp\/v2\/users\/1"}],"replies":[{"embeddable":true,"href":"https:\/\/comunicadas.com.ar\/index.php\/wp-json\/wp\/v2\/comments?post=2825"}],"version-history":[{"count":0,"href":"https:\/\/comunicadas.com.ar\/index.php\/wp-json\/wp\/v2\/posts\/2825\/revisions"}],"wp:featuredmedia":[{"embeddable":true,"href":"https:\/\/comunicadas.com.ar\/index.php\/wp-json\/wp\/v2\/media\/2829"}],"wp:attachment":[{"href":"https:\/\/comunicadas.com.ar\/index.php\/wp-json\/wp\/v2\/media?parent=2825"}],"wp:term":[{"taxonomy":"category","embeddable":true,"href":"https:\/\/comunicadas.com.ar\/index.php\/wp-json\/wp\/v2\/categories?post=2825"},{"taxonomy":"post_tag","embeddable":true,"href":"https:\/\/comunicadas.com.ar\/index.php\/wp-json\/wp\/v2\/tags?post=2825"}],"curies":[{"name":"wp","href":"https:\/\/api.w.org\/{rel}","templated":true}]}}