{"id":2815,"date":"2019-04-05T11:39:29","date_gmt":"2019-04-05T14:39:29","guid":{"rendered":"http:\/\/comunicadas.com.ar\/?p=2815"},"modified":"2019-04-05T11:39:29","modified_gmt":"2019-04-05T14:39:29","slug":"chicago-tendra-una-alcaldesa-negra-y-lesbiana","status":"publish","type":"post","link":"https:\/\/comunicadas.com.ar\/index.php\/2019\/04\/05\/chicago-tendra-una-alcaldesa-negra-y-lesbiana\/","title":{"rendered":"Chicago tendr\u00e1 una alcaldesa  negra y lesbiana"},"content":{"rendered":"\n<p>En una hist\u00f3rica elecci\u00f3n, Lori Lightfood, fue electa alcaldesa de <strong>Chicago<\/strong>. <strong>La tercer ciudad m\u00e1s grande de Estados Unidos y que tiene importantes problemas de desigualdad y violencia. <\/strong><\/p>\n\n\n\n<p>Lori Lightfoot, una ex fiscal federal y abogada en ejercicio de 56 a\u00f1os que nunca antes hab\u00eda desempe\u00f1ado un cargo electo, super\u00f3 a Toni Preckwinkle, tambi\u00e9n afroamericana, por un amplio margen de 74 contra 26 por ciento de los votos en los resultados preliminares.\u00a0 Ser\u00e1 la primera alcaldesa abiertamente homosexual de Chicago y la primer mujer afroamericana en ocupar ese cargo.<\/p>\n\n\n\n<p><strong>Desde 1837 la ciudad con 2.7 millones de habitantes solo hab\u00eda elegido una vez un alcalde afroamericano y una mujer. <\/strong><\/p>\n\n\n\n<figure class=\"wp-block-image\"><img decoding=\"async\" src=\"https:\/\/www.infobae.com\/new-resizer\/zlO5fKqWeVxZLkiofXQyJyJYL4I=\/750x0\/filters:quality(100)\/s3.amazonaws.com\/arc-wordpress-client-uploads\/infobae-wp\/wp-content\/uploads\/2019\/04\/03075121\/Lori-Lightfoot-alcaldesa-de-chicago-1920-3.jpg\" alt=\"Resultado de imagen para Lori Lightfoot\" \/><\/figure>\n","protected":false},"excerpt":{"rendered":"<p>En una hist\u00f3rica elecci\u00f3n, Lori Lightfood, fue electa alcaldesa de Chicago. La tercer ciudad m\u00e1s grande de Estados Unidos y que tiene importantes problemas de desigualdad y violencia. Lori Lightfoot, una ex fiscal federal y abogada en ejercicio de 56 a\u00f1os que nunca antes hab\u00eda desempe\u00f1ado un cargo electo, super\u00f3 a Toni Preckwinkle, tambi\u00e9n afroamericana, [&hellip;]<\/p>\n","protected":false},"author":1,"featured_media":2816,"comment_status":"open","ping_status":"open","sticky":false,"template":"","format":"standard","meta":{"inline_featured_image":false,"_monsterinsights_skip_tracking":false,"_monsterinsights_sitenote_active":false,"_monsterinsights_sitenote_note":"","_monsterinsights_sitenote_category":0,"lzb_camalote_bajada":"","lzb_camalote_fotogalerias_repeater":"","lzb_camalote_fotogalerias_desc":"","lzb_camalote_fotogalerias_autorxs":"%5B%5D","lzb_camalote_post_imagen_destacada":"","lzb_camalote_post_imagen_destacada_fotografx":"","lzb_camalote_post_imagen_destacada_fotografx_url":"","_jetpack_memberships_contains_paid_content":false,"footnotes":""},"categories":[11,15,19],"tags":[232],"class_list":["post-2815","post","type-post","status-publish","format-standard","has-post-thumbnail","hentry","category-internacionales","category-lgtbiq","category-noticias","tag-chicago"],"aioseo_notices":[],"jetpack_featured_media_url":"https:\/\/comunicadas.com.ar\/wp-content\/uploads\/2019\/04\/000-1fb9n5-1.jpg","jetpack_sharing_enabled":true,"jetpack_likes_enabled":true,"_links":{"self":[{"href":"https:\/\/comunicadas.com.ar\/index.php\/wp-json\/wp\/v2\/posts\/2815"}],"collection":[{"href":"https:\/\/comunicadas.com.ar\/index.php\/wp-json\/wp\/v2\/posts"}],"about":[{"href":"https:\/\/comunicadas.com.ar\/index.php\/wp-json\/wp\/v2\/types\/post"}],"author":[{"embeddable":true,"href":"https:\/\/comunicadas.com.ar\/index.php\/wp-json\/wp\/v2\/users\/1"}],"replies":[{"embeddable":true,"href":"https:\/\/comunicadas.com.ar\/index.php\/wp-json\/wp\/v2\/comments?post=2815"}],"version-history":[{"count":0,"href":"https:\/\/comunicadas.com.ar\/index.php\/wp-json\/wp\/v2\/posts\/2815\/revisions"}],"wp:featuredmedia":[{"embeddable":true,"href":"https:\/\/comunicadas.com.ar\/index.php\/wp-json\/wp\/v2\/media\/2816"}],"wp:attachment":[{"href":"https:\/\/comunicadas.com.ar\/index.php\/wp-json\/wp\/v2\/media?parent=2815"}],"wp:term":[{"taxonomy":"category","embeddable":true,"href":"https:\/\/comunicadas.com.ar\/index.php\/wp-json\/wp\/v2\/categories?post=2815"},{"taxonomy":"post_tag","embeddable":true,"href":"https:\/\/comunicadas.com.ar\/index.php\/wp-json\/wp\/v2\/tags?post=2815"}],"curies":[{"name":"wp","href":"https:\/\/api.w.org\/{rel}","templated":true}]}}