{"id":2623,"date":"2019-03-25T10:05:48","date_gmt":"2019-03-25T13:05:48","guid":{"rendered":"http:\/\/comunicadas.com.ar\/?p=2623"},"modified":"2019-03-25T10:05:48","modified_gmt":"2019-03-25T13:05:48","slug":"salta-es-la-provincia-mas-hostil-a-la-comunidad-lgtbiq-y-en-donde-mas-crimenes-de-odio-se-producen-en-proporcion-a-la-cantidad-de-habitantes","status":"publish","type":"post","link":"https:\/\/comunicadas.com.ar\/index.php\/2019\/03\/25\/salta-es-la-provincia-mas-hostil-a-la-comunidad-lgtbiq-y-en-donde-mas-crimenes-de-odio-se-producen-en-proporcion-a-la-cantidad-de-habitantes\/","title":{"rendered":"Salta es la provincia m\u00e1s hostil a la comunidad LGTBIQ y en donde m\u00e1s cr\u00edmenes de odio se producen en proporci\u00f3n a la cantidad de habitantes."},"content":{"rendered":"\n<p> <br>De acuerdo a  un informe del <strong>Observatorio Nacional de Crimenes de Odio LGBT de la Defensor\u00eda del Pueblo de la Ciudad de Buenos Aires<\/strong> en el a\u00f1o <strong>2018<\/strong>, en la Argentina, murieron <strong>67 <\/strong>personas como consecuencia de <strong>cr\u00edmenes de odio <\/strong>basados en la identidad sexual y falta de acceso a los derechos b\u00e1sicos. <\/p>\n\n\n\n<p><strong>Once mujeres trans y  seis varones cis gay<\/strong> fueron asesinados, <strong>43 mujeres trans murieron por el abandono estatal.<\/strong> Tambi\u00e9n se relevaron <strong>siete suicidios <\/strong>(cinco varon trans, un var\u00f3n gay  y una lesbiana).<\/p>\n\n\n\n<p><strong>Adem\u00e1s se registraron 80 ataques contra personas LGTBIQ que no terminaron en muerte. En total las v\u00edctimas de crimenes de odio ascienden a 147 seg\u00fan este informe. <\/strong><\/p>\n\n\n\n<p>El mismo informe advierte de la inexactitud de los datos relevados que se basan en notas period\u00edsticas o que ingresaron como denuncia a la Defensor\u00eda. Se presume que la cantidad de casos es ampliamente mayor. <\/p>\n\n\n\n<p><strong>Casi el 40% de las v\u00edctimas tiene entre 20 y 29 a\u00f1os. Este porcentaje coincide con la corta esperanza de vida de una mujer trans. <\/strong><\/p>\n\n\n\n<p>El informe  se\u00f1ala que <strong>las fuerzas de seguridad argentinas y los servicios penitenciarios manifiestan particular sa\u00f1a y odio contra la comunidad de mujeres trans<\/strong>.  El 48% de los autorxs de violaciones de derechos humanos a personas trans son funcionarios de Estado (fuerzas policiales y servicio penitenciario) <\/p>\n\n\n\n<p><strong>Salta es la provincia marcada como la m\u00e1s violenta para la comunidad LGTBIQ. <\/strong> La <strong>provincia de Buenos Aires, Ciudad Aut\u00f3noma de Buenos Aires (<\/strong>CABA) y <strong>Salta <\/strong>registran la mayor cantidad de ataque a personas LGBTI.\u00a0 La poblaci\u00f3n trans se traslada a los centros urbanos, huyendo de sus comunidades y buscando refugio en la gran ciudad donde creen que tendr\u00e1n m\u00e1s chances de vivir y ser aceptadxs. <\/p>\n\n\n\n<p>En el caso de Salta, la concentraci\u00f3n de poblaci\u00f3n es mucho menor que en la provincia de Buenos Aires y CABA, <strong>a pesar de eso tuvieron casi la mitad de cr\u00edmenes de odio que CABA.<\/strong> Por eso Salta es la provincia m\u00e1s hostil a la comunidad LGTBIQ y en donde m\u00e1s cr\u00edmenes de odio se producen en proporci\u00f3n a la cantidad de habitantes.<\/p>\n\n\n\n<p><strong>El 41% de los ataques se perpetran en la v\u00eda p\u00fablica y le siguen los hogares de las v\u00edctimas.<\/strong><\/p>\n\n\n\n<p>Es urgente la implementaci\u00f3n de pol\u00edticas p\u00fablicas para proteger a un sector hist\u00f3ricamente vulnerado en nuestra sociedad e incluirlo de manera real, m\u00e1s all\u00e1 de un avance normativo. A pesar de leyes como la Identidad de G\u00e9nero, la expectativa de vida de las mujeres trans no ha aumentado. <\/p>\n\n\n\n<p><\/p>\n","protected":false},"excerpt":{"rendered":"<p>De acuerdo a un informe del Observatorio Nacional de Crimenes de Odio LGBT de la Defensor\u00eda del Pueblo de la Ciudad de Buenos Aires en el a\u00f1o 2018, en la Argentina, murieron 67 personas como consecuencia de cr\u00edmenes de odio basados en la identidad sexual y falta de acceso a los derechos b\u00e1sicos. Once mujeres [&hellip;]<\/p>\n","protected":false},"author":1,"featured_media":2625,"comment_status":"open","ping_status":"open","sticky":false,"template":"","format":"standard","meta":{"inline_featured_image":false,"_monsterinsights_skip_tracking":false,"lzb_camalote_bajada":"","lzb_camalote_fotogalerias_repeater":"","lzb_camalote_fotogalerias_desc":"","lzb_camalote_fotogalerias_autorxs":"%5B%5D","lzb_camalote_post_imagen_destacada":"","lzb_camalote_post_imagen_destacada_fotografx":"","lzb_camalote_post_imagen_destacada_fotografx_url":"","_jetpack_memberships_contains_paid_content":false,"footnotes":""},"categories":[2,15,19],"tags":[65,273,443],"class_list":["post-2623","post","type-post","status-publish","format-standard","has-post-thumbnail","hentry","category-niunamenos","category-lgtbiq","category-noticias","tag-transfobia","tag-crimen-de-odio","tag-homofobia"],"aioseo_notices":[],"aioseo_head":"\n\t\t<!-- All in One SEO 5.0.1.1 - aioseo.com -->\n\t<meta name=\"description\" content=\"De acuerdo a un informe del Observatorio Nacional de Crimenes de Odio LGBT de la Defensor\u00eda del Pueblo de la Ciudad de Buenos Aires en el a\u00f1o 2018, en la Argentina, murieron 67 personas como consecuencia de cr\u00edmenes de odio basados en la identidad sexual y falta de acceso a los derechos b\u00e1sicos. Once mujeres\" \/>\n\t<meta name=\"robots\" content=\"max-image-preview:large\" \/>\n\t<meta name=\"author\" content=\"comunicadasorg\"\/>\n\t<link rel=\"canonical\" href=\"https:\/\/comunicadas.com.ar\/index.php\/2019\/03\/25\/salta-es-la-provincia-mas-hostil-a-la-comunidad-lgtbiq-y-en-donde-mas-crimenes-de-odio-se-producen-en-proporcion-a-la-cantidad-de-habitantes\/\" \/>\n\t<meta name=\"generator\" content=\"All in One SEO (AIOSEO) 5.0.1.1\" \/>\n\t\t<meta property=\"og:locale\" content=\"es_ES\" \/>\n\t\t<meta property=\"og:site_name\" content=\"Comunicadas \u2022\" \/>\n\t\t<meta property=\"og:type\" content=\"article\" \/>\n\t\t<meta property=\"og:title\" content=\"Salta es la provincia m\u00e1s hostil a la comunidad LGTBIQ y en donde m\u00e1s cr\u00edmenes de odio se producen en proporci\u00f3n a la cantidad de habitantes. \u2022 Comunicadas\" \/>\n\t\t<meta property=\"og:description\" content=\"De acuerdo a un informe del Observatorio Nacional de Crimenes de Odio LGBT de la Defensor\u00eda del Pueblo de la Ciudad de Buenos Aires en el a\u00f1o 2018, en la Argentina, murieron 67 personas como consecuencia de cr\u00edmenes de odio basados en la identidad sexual y falta de acceso a los derechos b\u00e1sicos. Once mujeres\" \/>\n\t\t<meta property=\"og:url\" content=\"https:\/\/comunicadas.com.ar\/index.php\/2019\/03\/25\/salta-es-la-provincia-mas-hostil-a-la-comunidad-lgtbiq-y-en-donde-mas-crimenes-de-odio-se-producen-en-proporcion-a-la-cantidad-de-habitantes\/\" \/>\n\t\t<meta property=\"og:image\" content=\"https:\/\/comunicadas.com.ar\/wp-content\/uploads\/2019\/03\/argentina_-147-crc3admenes-de-odio-contra-personas-lgbtiq-en-2018-1.png\" \/>\n\t\t<meta property=\"og:image:secure_url\" content=\"https:\/\/comunicadas.com.ar\/wp-content\/uploads\/2019\/03\/argentina_-147-crc3admenes-de-odio-contra-personas-lgbtiq-en-2018-1.png\" \/>\n\t\t<meta property=\"og:image:width\" content=\"1080\" \/>\n\t\t<meta property=\"og:image:height\" content=\"1080\" \/>\n\t\t<meta property=\"article:published_time\" content=\"2019-03-25T13:05:48+00:00\" \/>\n\t\t<meta property=\"article:modified_time\" content=\"2019-03-25T13:05:48+00:00\" \/>\n\t\t<meta name=\"twitter:card\" content=\"summary\" \/>\n\t\t<meta name=\"twitter:title\" content=\"Salta es la provincia m\u00e1s hostil a la comunidad LGTBIQ y en donde m\u00e1s cr\u00edmenes de odio se producen en proporci\u00f3n a la cantidad de habitantes. \u2022 Comunicadas\" \/>\n\t\t<meta name=\"twitter:description\" content=\"De acuerdo a un informe del Observatorio Nacional de Crimenes de Odio LGBT de la Defensor\u00eda del Pueblo de la Ciudad de Buenos Aires en el a\u00f1o 2018, en la Argentina, murieron 67 personas como consecuencia de cr\u00edmenes de odio basados en la identidad sexual y falta de acceso a los derechos b\u00e1sicos. Once mujeres\" \/>\n\t\t<meta name=\"twitter:image\" content=\"https:\/\/comunicadas.com.ar\/wp-content\/uploads\/2019\/03\/argentina_-147-crc3admenes-de-odio-contra-personas-lgbtiq-en-2018-1.png\" \/>\n\t\t<script type=\"application\/ld+json\" class=\"aioseo-schema\">\n\t\t\t{\"@context\":\"https:\\\/\\\/schema.org\",\"@graph\":[{\"@type\":\"BlogPosting\",\"@id\":\"https:\\\/\\\/comunicadas.com.ar\\\/index.php\\\/2019\\\/03\\\/25\\\/salta-es-la-provincia-mas-hostil-a-la-comunidad-lgtbiq-y-en-donde-mas-crimenes-de-odio-se-producen-en-proporcion-a-la-cantidad-de-habitantes\\\/#blogposting\",\"name\":\"Salta es la provincia m\\u00e1s hostil a la comunidad LGTBIQ y en donde m\\u00e1s cr\\u00edmenes de odio se producen en proporci\\u00f3n a la cantidad de habitantes. \\u2022 Comunicadas\",\"headline\":\"Salta es la provincia m\\u00e1s hostil a la comunidad LGTBIQ y en donde m\\u00e1s cr\\u00edmenes de odio se producen en proporci\\u00f3n a la cantidad de habitantes.\",\"author\":{\"@id\":\"https:\\\/\\\/comunicadas.com.ar\\\/index.php\\\/author\\\/comunicadasorg\\\/#author\"},\"publisher\":{\"@id\":\"https:\\\/\\\/comunicadas.com.ar\\\/#organization\"},\"image\":{\"@type\":\"ImageObject\",\"url\":\"https:\\\/\\\/comunicadas.com.ar\\\/wp-content\\\/uploads\\\/2019\\\/03\\\/argentina_-147-crc3admenes-de-odio-contra-personas-lgbtiq-en-2018-1.png\",\"width\":1080,\"height\":1080},\"datePublished\":\"2019-03-25T10:05:48+00:00\",\"dateModified\":\"2019-03-25T10:05:48+00:00\",\"inLanguage\":\"es-ES\",\"mainEntityOfPage\":{\"@id\":\"https:\\\/\\\/comunicadas.com.ar\\\/index.php\\\/2019\\\/03\\\/25\\\/salta-es-la-provincia-mas-hostil-a-la-comunidad-lgtbiq-y-en-donde-mas-crimenes-de-odio-se-producen-en-proporcion-a-la-cantidad-de-habitantes\\\/#webpage\"},\"isPartOf\":{\"@id\":\"https:\\\/\\\/comunicadas.com.ar\\\/index.php\\\/2019\\\/03\\\/25\\\/salta-es-la-provincia-mas-hostil-a-la-comunidad-lgtbiq-y-en-donde-mas-crimenes-de-odio-se-producen-en-proporcion-a-la-cantidad-de-habitantes\\\/#webpage\"},\"articleSection\":\"#NiunaMenos, LGTBIQ, Noticias, #transfobia, Crimen de odio, homofobia\"},{\"@type\":\"BreadcrumbList\",\"@id\":\"https:\\\/\\\/comunicadas.com.ar\\\/index.php\\\/2019\\\/03\\\/25\\\/salta-es-la-provincia-mas-hostil-a-la-comunidad-lgtbiq-y-en-donde-mas-crimenes-de-odio-se-producen-en-proporcion-a-la-cantidad-de-habitantes\\\/#breadcrumblist\",\"itemListElement\":[{\"@type\":\"ListItem\",\"@id\":\"https:\\\/\\\/comunicadas.com.ar#listItem\",\"position\":1,\"name\":\"Inicio\",\"item\":\"https:\\\/\\\/comunicadas.com.ar\",\"nextItem\":{\"@type\":\"ListItem\",\"@id\":\"https:\\\/\\\/comunicadas.com.ar\\\/index.php\\\/category\\\/niunamenos\\\/#listItem\",\"name\":\"#NiunaMenos\"}},{\"@type\":\"ListItem\",\"@id\":\"https:\\\/\\\/comunicadas.com.ar\\\/index.php\\\/category\\\/niunamenos\\\/#listItem\",\"position\":2,\"name\":\"#NiunaMenos\",\"item\":\"https:\\\/\\\/comunicadas.com.ar\\\/index.php\\\/category\\\/niunamenos\\\/\",\"nextItem\":{\"@type\":\"ListItem\",\"@id\":\"https:\\\/\\\/comunicadas.com.ar\\\/index.php\\\/2019\\\/03\\\/25\\\/salta-es-la-provincia-mas-hostil-a-la-comunidad-lgtbiq-y-en-donde-mas-crimenes-de-odio-se-producen-en-proporcion-a-la-cantidad-de-habitantes\\\/#listItem\",\"name\":\"Salta es la provincia m\\u00e1s hostil a la comunidad LGTBIQ y en donde m\\u00e1s cr\\u00edmenes de odio se producen en proporci\\u00f3n a la cantidad de habitantes.\"},\"previousItem\":{\"@type\":\"ListItem\",\"@id\":\"https:\\\/\\\/comunicadas.com.ar#listItem\",\"name\":\"Inicio\"}},{\"@type\":\"ListItem\",\"@id\":\"https:\\\/\\\/comunicadas.com.ar\\\/index.php\\\/2019\\\/03\\\/25\\\/salta-es-la-provincia-mas-hostil-a-la-comunidad-lgtbiq-y-en-donde-mas-crimenes-de-odio-se-producen-en-proporcion-a-la-cantidad-de-habitantes\\\/#listItem\",\"position\":3,\"name\":\"Salta es la provincia m\\u00e1s hostil a la comunidad LGTBIQ y en donde m\\u00e1s cr\\u00edmenes de odio se producen en proporci\\u00f3n a la cantidad de habitantes.\",\"previousItem\":{\"@type\":\"ListItem\",\"@id\":\"https:\\\/\\\/comunicadas.com.ar\\\/index.php\\\/category\\\/niunamenos\\\/#listItem\",\"name\":\"#NiunaMenos\"}}]},{\"@type\":\"Organization\",\"@id\":\"https:\\\/\\\/comunicadas.com.ar\\\/#organization\",\"name\":\"Comunicadas\",\"url\":\"https:\\\/\\\/comunicadas.com.ar\\\/\",\"logo\":{\"@type\":\"ImageObject\",\"url\":\"http:\\\/\\\/comunicadas.org\\\/wp-content\\\/uploads\\\/2021\\\/06\\\/cropped-whatsapp-image-2020-09-04-at-13.43.53.jpeg\",\"@id\":\"https:\\\/\\\/comunicadas.com.ar\\\/index.php\\\/2019\\\/03\\\/25\\\/salta-es-la-provincia-mas-hostil-a-la-comunidad-lgtbiq-y-en-donde-mas-crimenes-de-odio-se-producen-en-proporcion-a-la-cantidad-de-habitantes\\\/#organizationLogo\"},\"image\":{\"@id\":\"https:\\\/\\\/comunicadas.com.ar\\\/index.php\\\/2019\\\/03\\\/25\\\/salta-es-la-provincia-mas-hostil-a-la-comunidad-lgtbiq-y-en-donde-mas-crimenes-de-odio-se-producen-en-proporcion-a-la-cantidad-de-habitantes\\\/#organizationLogo\"}},{\"@type\":\"Person\",\"@id\":\"https:\\\/\\\/comunicadas.com.ar\\\/index.php\\\/author\\\/comunicadasorg\\\/#author\",\"url\":\"https:\\\/\\\/comunicadas.com.ar\\\/index.php\\\/author\\\/comunicadasorg\\\/\",\"name\":\"comunicadasorg\",\"image\":{\"@type\":\"ImageObject\",\"@id\":\"https:\\\/\\\/comunicadas.com.ar\\\/index.php\\\/2019\\\/03\\\/25\\\/salta-es-la-provincia-mas-hostil-a-la-comunidad-lgtbiq-y-en-donde-mas-crimenes-de-odio-se-producen-en-proporcion-a-la-cantidad-de-habitantes\\\/#authorImage\",\"url\":\"https:\\\/\\\/secure.gravatar.com\\\/avatar\\\/9cb3ab39dff0567ff79b088929c05c64?s=96&d=mm&r=g\",\"width\":96,\"height\":96,\"caption\":\"comunicadasorg\"}},{\"@type\":\"WebPage\",\"@id\":\"https:\\\/\\\/comunicadas.com.ar\\\/index.php\\\/2019\\\/03\\\/25\\\/salta-es-la-provincia-mas-hostil-a-la-comunidad-lgtbiq-y-en-donde-mas-crimenes-de-odio-se-producen-en-proporcion-a-la-cantidad-de-habitantes\\\/#webpage\",\"url\":\"https:\\\/\\\/comunicadas.com.ar\\\/index.php\\\/2019\\\/03\\\/25\\\/salta-es-la-provincia-mas-hostil-a-la-comunidad-lgtbiq-y-en-donde-mas-crimenes-de-odio-se-producen-en-proporcion-a-la-cantidad-de-habitantes\\\/\",\"name\":\"Salta es la provincia m\\u00e1s hostil a la comunidad LGTBIQ y en donde m\\u00e1s cr\\u00edmenes de odio se producen en proporci\\u00f3n a la cantidad de habitantes. \\u2022 Comunicadas\",\"description\":\"De acuerdo a un informe del Observatorio Nacional de Crimenes de Odio LGBT de la Defensor\\u00eda del Pueblo de la Ciudad de Buenos Aires en el a\\u00f1o 2018, en la Argentina, murieron 67 personas como consecuencia de cr\\u00edmenes de odio basados en la identidad sexual y falta de acceso a los derechos b\\u00e1sicos. Once mujeres\",\"inLanguage\":\"es-ES\",\"isPartOf\":{\"@id\":\"https:\\\/\\\/comunicadas.com.ar\\\/#website\"},\"breadcrumb\":{\"@id\":\"https:\\\/\\\/comunicadas.com.ar\\\/index.php\\\/2019\\\/03\\\/25\\\/salta-es-la-provincia-mas-hostil-a-la-comunidad-lgtbiq-y-en-donde-mas-crimenes-de-odio-se-producen-en-proporcion-a-la-cantidad-de-habitantes\\\/#breadcrumblist\"},\"author\":{\"@id\":\"https:\\\/\\\/comunicadas.com.ar\\\/index.php\\\/author\\\/comunicadasorg\\\/#author\"},\"creator\":{\"@id\":\"https:\\\/\\\/comunicadas.com.ar\\\/index.php\\\/author\\\/comunicadasorg\\\/#author\"},\"image\":{\"@type\":\"ImageObject\",\"url\":\"https:\\\/\\\/comunicadas.com.ar\\\/wp-content\\\/uploads\\\/2019\\\/03\\\/argentina_-147-crc3admenes-de-odio-contra-personas-lgbtiq-en-2018-1.png\",\"@id\":\"https:\\\/\\\/comunicadas.com.ar\\\/index.php\\\/2019\\\/03\\\/25\\\/salta-es-la-provincia-mas-hostil-a-la-comunidad-lgtbiq-y-en-donde-mas-crimenes-de-odio-se-producen-en-proporcion-a-la-cantidad-de-habitantes\\\/#mainImage\",\"width\":1080,\"height\":1080},\"primaryImageOfPage\":{\"@id\":\"https:\\\/\\\/comunicadas.com.ar\\\/index.php\\\/2019\\\/03\\\/25\\\/salta-es-la-provincia-mas-hostil-a-la-comunidad-lgtbiq-y-en-donde-mas-crimenes-de-odio-se-producen-en-proporcion-a-la-cantidad-de-habitantes\\\/#mainImage\"},\"datePublished\":\"2019-03-25T10:05:48+00:00\",\"dateModified\":\"2019-03-25T10:05:48+00:00\"},{\"@type\":\"WebSite\",\"@id\":\"https:\\\/\\\/comunicadas.com.ar\\\/#website\",\"url\":\"https:\\\/\\\/comunicadas.com.ar\\\/\",\"name\":\"Comunicadas\",\"inLanguage\":\"es-ES\",\"publisher\":{\"@id\":\"https:\\\/\\\/comunicadas.com.ar\\\/#organization\"}}]}\n\t\t<\/script>\n\t\t<!-- All in One SEO -->\n\n","aioseo_head_json":{"title":"Salta es la provincia m\u00e1s hostil a la comunidad LGTBIQ y en donde m\u00e1s cr\u00edmenes de odio se producen en proporci\u00f3n a la cantidad de habitantes. \u2022 Comunicadas","description":"De acuerdo a un informe del Observatorio Nacional de Crimenes de Odio LGBT de la Defensor\u00eda del Pueblo de la Ciudad de Buenos Aires en el a\u00f1o 2018, en la Argentina, murieron 67 personas como consecuencia de cr\u00edmenes de odio basados en la identidad sexual y falta de acceso a los derechos b\u00e1sicos. Once mujeres","canonical_url":"https:\/\/comunicadas.com.ar\/index.php\/2019\/03\/25\/salta-es-la-provincia-mas-hostil-a-la-comunidad-lgtbiq-y-en-donde-mas-crimenes-de-odio-se-producen-en-proporcion-a-la-cantidad-de-habitantes\/","robots":"max-image-preview:large","keywords":"","webmasterTools":{"miscellaneous":""},"schema":{"@context":"https:\/\/schema.org","@graph":[{"@type":"BlogPosting","@id":"https:\/\/comunicadas.com.ar\/index.php\/2019\/03\/25\/salta-es-la-provincia-mas-hostil-a-la-comunidad-lgtbiq-y-en-donde-mas-crimenes-de-odio-se-producen-en-proporcion-a-la-cantidad-de-habitantes\/#blogposting","name":"Salta es la provincia m\u00e1s hostil a la comunidad LGTBIQ y en donde m\u00e1s cr\u00edmenes de odio se producen en proporci\u00f3n a la cantidad de habitantes. \u2022 Comunicadas","headline":"Salta es la provincia m\u00e1s hostil a la comunidad LGTBIQ y en donde m\u00e1s cr\u00edmenes de odio se producen en proporci\u00f3n a la cantidad de habitantes.","author":{"@id":"https:\/\/comunicadas.com.ar\/index.php\/author\/comunicadasorg\/#author"},"publisher":{"@id":"https:\/\/comunicadas.com.ar\/#organization"},"image":{"@type":"ImageObject","url":"https:\/\/comunicadas.com.ar\/wp-content\/uploads\/2019\/03\/argentina_-147-crc3admenes-de-odio-contra-personas-lgbtiq-en-2018-1.png","width":1080,"height":1080},"datePublished":"2019-03-25T10:05:48+00:00","dateModified":"2019-03-25T10:05:48+00:00","inLanguage":"es-ES","mainEntityOfPage":{"@id":"https:\/\/comunicadas.com.ar\/index.php\/2019\/03\/25\/salta-es-la-provincia-mas-hostil-a-la-comunidad-lgtbiq-y-en-donde-mas-crimenes-de-odio-se-producen-en-proporcion-a-la-cantidad-de-habitantes\/#webpage"},"isPartOf":{"@id":"https:\/\/comunicadas.com.ar\/index.php\/2019\/03\/25\/salta-es-la-provincia-mas-hostil-a-la-comunidad-lgtbiq-y-en-donde-mas-crimenes-de-odio-se-producen-en-proporcion-a-la-cantidad-de-habitantes\/#webpage"},"articleSection":"#NiunaMenos, LGTBIQ, Noticias, #transfobia, Crimen de odio, homofobia"},{"@type":"BreadcrumbList","@id":"https:\/\/comunicadas.com.ar\/index.php\/2019\/03\/25\/salta-es-la-provincia-mas-hostil-a-la-comunidad-lgtbiq-y-en-donde-mas-crimenes-de-odio-se-producen-en-proporcion-a-la-cantidad-de-habitantes\/#breadcrumblist","itemListElement":[{"@type":"ListItem","@id":"https:\/\/comunicadas.com.ar#listItem","position":1,"name":"Inicio","item":"https:\/\/comunicadas.com.ar","nextItem":{"@type":"ListItem","@id":"https:\/\/comunicadas.com.ar\/index.php\/category\/niunamenos\/#listItem","name":"#NiunaMenos"}},{"@type":"ListItem","@id":"https:\/\/comunicadas.com.ar\/index.php\/category\/niunamenos\/#listItem","position":2,"name":"#NiunaMenos","item":"https:\/\/comunicadas.com.ar\/index.php\/category\/niunamenos\/","nextItem":{"@type":"ListItem","@id":"https:\/\/comunicadas.com.ar\/index.php\/2019\/03\/25\/salta-es-la-provincia-mas-hostil-a-la-comunidad-lgtbiq-y-en-donde-mas-crimenes-de-odio-se-producen-en-proporcion-a-la-cantidad-de-habitantes\/#listItem","name":"Salta es la provincia m\u00e1s hostil a la comunidad LGTBIQ y en donde m\u00e1s cr\u00edmenes de odio se producen en proporci\u00f3n a la cantidad de habitantes."},"previousItem":{"@type":"ListItem","@id":"https:\/\/comunicadas.com.ar#listItem","name":"Inicio"}},{"@type":"ListItem","@id":"https:\/\/comunicadas.com.ar\/index.php\/2019\/03\/25\/salta-es-la-provincia-mas-hostil-a-la-comunidad-lgtbiq-y-en-donde-mas-crimenes-de-odio-se-producen-en-proporcion-a-la-cantidad-de-habitantes\/#listItem","position":3,"name":"Salta es la provincia m\u00e1s hostil a la comunidad LGTBIQ y en donde m\u00e1s cr\u00edmenes de odio se producen en proporci\u00f3n a la cantidad de habitantes.","previousItem":{"@type":"ListItem","@id":"https:\/\/comunicadas.com.ar\/index.php\/category\/niunamenos\/#listItem","name":"#NiunaMenos"}}]},{"@type":"Organization","@id":"https:\/\/comunicadas.com.ar\/#organization","name":"Comunicadas","url":"https:\/\/comunicadas.com.ar\/","logo":{"@type":"ImageObject","url":"http:\/\/comunicadas.org\/wp-content\/uploads\/2021\/06\/cropped-whatsapp-image-2020-09-04-at-13.43.53.jpeg","@id":"https:\/\/comunicadas.com.ar\/index.php\/2019\/03\/25\/salta-es-la-provincia-mas-hostil-a-la-comunidad-lgtbiq-y-en-donde-mas-crimenes-de-odio-se-producen-en-proporcion-a-la-cantidad-de-habitantes\/#organizationLogo"},"image":{"@id":"https:\/\/comunicadas.com.ar\/index.php\/2019\/03\/25\/salta-es-la-provincia-mas-hostil-a-la-comunidad-lgtbiq-y-en-donde-mas-crimenes-de-odio-se-producen-en-proporcion-a-la-cantidad-de-habitantes\/#organizationLogo"}},{"@type":"Person","@id":"https:\/\/comunicadas.com.ar\/index.php\/author\/comunicadasorg\/#author","url":"https:\/\/comunicadas.com.ar\/index.php\/author\/comunicadasorg\/","name":"comunicadasorg","image":{"@type":"ImageObject","@id":"https:\/\/comunicadas.com.ar\/index.php\/2019\/03\/25\/salta-es-la-provincia-mas-hostil-a-la-comunidad-lgtbiq-y-en-donde-mas-crimenes-de-odio-se-producen-en-proporcion-a-la-cantidad-de-habitantes\/#authorImage","url":"https:\/\/secure.gravatar.com\/avatar\/9cb3ab39dff0567ff79b088929c05c64?s=96&d=mm&r=g","width":96,"height":96,"caption":"comunicadasorg"}},{"@type":"WebPage","@id":"https:\/\/comunicadas.com.ar\/index.php\/2019\/03\/25\/salta-es-la-provincia-mas-hostil-a-la-comunidad-lgtbiq-y-en-donde-mas-crimenes-de-odio-se-producen-en-proporcion-a-la-cantidad-de-habitantes\/#webpage","url":"https:\/\/comunicadas.com.ar\/index.php\/2019\/03\/25\/salta-es-la-provincia-mas-hostil-a-la-comunidad-lgtbiq-y-en-donde-mas-crimenes-de-odio-se-producen-en-proporcion-a-la-cantidad-de-habitantes\/","name":"Salta es la provincia m\u00e1s hostil a la comunidad LGTBIQ y en donde m\u00e1s cr\u00edmenes de odio se producen en proporci\u00f3n a la cantidad de habitantes. \u2022 Comunicadas","description":"De acuerdo a un informe del Observatorio Nacional de Crimenes de Odio LGBT de la Defensor\u00eda del Pueblo de la Ciudad de Buenos Aires en el a\u00f1o 2018, en la Argentina, murieron 67 personas como consecuencia de cr\u00edmenes de odio basados en la identidad sexual y falta de acceso a los derechos b\u00e1sicos. Once mujeres","inLanguage":"es-ES","isPartOf":{"@id":"https:\/\/comunicadas.com.ar\/#website"},"breadcrumb":{"@id":"https:\/\/comunicadas.com.ar\/index.php\/2019\/03\/25\/salta-es-la-provincia-mas-hostil-a-la-comunidad-lgtbiq-y-en-donde-mas-crimenes-de-odio-se-producen-en-proporcion-a-la-cantidad-de-habitantes\/#breadcrumblist"},"author":{"@id":"https:\/\/comunicadas.com.ar\/index.php\/author\/comunicadasorg\/#author"},"creator":{"@id":"https:\/\/comunicadas.com.ar\/index.php\/author\/comunicadasorg\/#author"},"image":{"@type":"ImageObject","url":"https:\/\/comunicadas.com.ar\/wp-content\/uploads\/2019\/03\/argentina_-147-crc3admenes-de-odio-contra-personas-lgbtiq-en-2018-1.png","@id":"https:\/\/comunicadas.com.ar\/index.php\/2019\/03\/25\/salta-es-la-provincia-mas-hostil-a-la-comunidad-lgtbiq-y-en-donde-mas-crimenes-de-odio-se-producen-en-proporcion-a-la-cantidad-de-habitantes\/#mainImage","width":1080,"height":1080},"primaryImageOfPage":{"@id":"https:\/\/comunicadas.com.ar\/index.php\/2019\/03\/25\/salta-es-la-provincia-mas-hostil-a-la-comunidad-lgtbiq-y-en-donde-mas-crimenes-de-odio-se-producen-en-proporcion-a-la-cantidad-de-habitantes\/#mainImage"},"datePublished":"2019-03-25T10:05:48+00:00","dateModified":"2019-03-25T10:05:48+00:00"},{"@type":"WebSite","@id":"https:\/\/comunicadas.com.ar\/#website","url":"https:\/\/comunicadas.com.ar\/","name":"Comunicadas","inLanguage":"es-ES","publisher":{"@id":"https:\/\/comunicadas.com.ar\/#organization"}}]},"og:locale":"es_ES","og:site_name":"Comunicadas \u2022","og:type":"article","og:title":"Salta es la provincia m\u00e1s hostil a la comunidad LGTBIQ y en donde m\u00e1s cr\u00edmenes de odio se producen en proporci\u00f3n a la cantidad de habitantes. \u2022 Comunicadas","og:description":"De acuerdo a un informe del Observatorio Nacional de Crimenes de Odio LGBT de la Defensor\u00eda del Pueblo de la Ciudad de Buenos Aires en el a\u00f1o 2018, en la Argentina, murieron 67 personas como consecuencia de cr\u00edmenes de odio basados en la identidad sexual y falta de acceso a los derechos b\u00e1sicos. Once mujeres","og:url":"https:\/\/comunicadas.com.ar\/index.php\/2019\/03\/25\/salta-es-la-provincia-mas-hostil-a-la-comunidad-lgtbiq-y-en-donde-mas-crimenes-de-odio-se-producen-en-proporcion-a-la-cantidad-de-habitantes\/","og:image":"https:\/\/comunicadas.com.ar\/wp-content\/uploads\/2019\/03\/argentina_-147-crc3admenes-de-odio-contra-personas-lgbtiq-en-2018-1.png","og:image:secure_url":"https:\/\/comunicadas.com.ar\/wp-content\/uploads\/2019\/03\/argentina_-147-crc3admenes-de-odio-contra-personas-lgbtiq-en-2018-1.png","og:image:width":1080,"og:image:height":1080,"article:published_time":"2019-03-25T13:05:48+00:00","article:modified_time":"2019-03-25T13:05:48+00:00","twitter:card":"summary","twitter:title":"Salta es la provincia m\u00e1s hostil a la comunidad LGTBIQ y en donde m\u00e1s cr\u00edmenes de odio se producen en proporci\u00f3n a la cantidad de habitantes. \u2022 Comunicadas","twitter:description":"De acuerdo a un informe del Observatorio Nacional de Crimenes de Odio LGBT de la Defensor\u00eda del Pueblo de la Ciudad de Buenos Aires en el a\u00f1o 2018, en la Argentina, murieron 67 personas como consecuencia de cr\u00edmenes de odio basados en la identidad sexual y falta de acceso a los derechos b\u00e1sicos. Once mujeres","twitter:image":"https:\/\/comunicadas.com.ar\/wp-content\/uploads\/2019\/03\/argentina_-147-crc3admenes-de-odio-contra-personas-lgbtiq-en-2018-1.png"},"aioseo_meta_data":{"post_id":"2623","title":null,"description":null,"keywords":null,"keyphrases":null,"primary_term":null,"canonical_url":null,"og_title":null,"og_description":null,"og_object_type":"default","og_image_type":"default","og_image_url":null,"og_image_width":null,"og_image_height":null,"og_image_custom_url":null,"og_image_custom_fields":null,"og_video":null,"og_custom_url":null,"og_article_section":null,"og_article_tags":null,"twitter_use_og":false,"twitter_card":"default","twitter_image_type":"default","twitter_image_url":null,"twitter_image_custom_url":null,"twitter_image_custom_fields":null,"twitter_title":null,"twitter_description":null,"schema":{"blockGraphs":[],"customGraphs":[],"default":{"data":{"Article":[],"Course":[],"Dataset":[],"FAQPage":[],"Movie":[],"Person":[],"Product":[],"ProductReview":[],"Car":[],"Recipe":[],"Service":[],"SoftwareApplication":[],"WebPage":[]},"graphName":"BlogPosting","isEnabled":true},"graphs":[]},"schema_type":null,"schema_type_options":null,"pillar_content":false,"robots_default":true,"robots_noindex":false,"robots_noarchive":false,"robots_nosnippet":false,"robots_nofollow":false,"robots_noimageindex":false,"robots_noodp":false,"robots_notranslate":false,"robots_max_snippet":null,"robots_max_videopreview":null,"robots_max_imagepreview":"large","priority":null,"frequency":null,"local_seo":null,"breadcrumb_settings":null,"limit_modified_date":false,"ai":null,"created":"2021-06-24 21:24:08","updated":"2025-06-11 20:06:17","seo_analyzer_scan_date":null,"focus_keyword":null,"additional_keywords":null,"truseo_locale":null},"jetpack_featured_media_url":"https:\/\/comunicadas.com.ar\/wp-content\/uploads\/2019\/03\/argentina_-147-crc3admenes-de-odio-contra-personas-lgbtiq-en-2018-1.png","jetpack_sharing_enabled":true,"jetpack_likes_enabled":true,"_links":{"self":[{"href":"https:\/\/comunicadas.com.ar\/index.php\/wp-json\/wp\/v2\/posts\/2623"}],"collection":[{"href":"https:\/\/comunicadas.com.ar\/index.php\/wp-json\/wp\/v2\/posts"}],"about":[{"href":"https:\/\/comunicadas.com.ar\/index.php\/wp-json\/wp\/v2\/types\/post"}],"author":[{"embeddable":true,"href":"https:\/\/comunicadas.com.ar\/index.php\/wp-json\/wp\/v2\/users\/1"}],"replies":[{"embeddable":true,"href":"https:\/\/comunicadas.com.ar\/index.php\/wp-json\/wp\/v2\/comments?post=2623"}],"version-history":[{"count":0,"href":"https:\/\/comunicadas.com.ar\/index.php\/wp-json\/wp\/v2\/posts\/2623\/revisions"}],"wp:featuredmedia":[{"embeddable":true,"href":"https:\/\/comunicadas.com.ar\/index.php\/wp-json\/wp\/v2\/media\/2625"}],"wp:attachment":[{"href":"https:\/\/comunicadas.com.ar\/index.php\/wp-json\/wp\/v2\/media?parent=2623"}],"wp:term":[{"taxonomy":"category","embeddable":true,"href":"https:\/\/comunicadas.com.ar\/index.php\/wp-json\/wp\/v2\/categories?post=2623"},{"taxonomy":"post_tag","embeddable":true,"href":"https:\/\/comunicadas.com.ar\/index.php\/wp-json\/wp\/v2\/tags?post=2623"}],"curies":[{"name":"wp","href":"https:\/\/api.w.org\/{rel}","templated":true}]}}