{"id":2574,"date":"2019-03-25T17:00:32","date_gmt":"2019-03-25T20:00:32","guid":{"rendered":"http:\/\/comunicadas.com.ar\/?p=2574"},"modified":"2019-03-25T17:00:32","modified_gmt":"2019-03-25T20:00:32","slug":"mujeres-en-la-historia-emma-goldman","status":"publish","type":"post","link":"https:\/\/comunicadas.com.ar\/index.php\/2019\/03\/25\/mujeres-en-la-historia-emma-goldman\/","title":{"rendered":"Mujeres en la Historia: Emma Goldman"},"content":{"rendered":"\n<p> <strong>Emma Goldman<\/strong> naci\u00f3 el 27 de junio de 1869 en <strong>Kaunas, Lituania.<\/strong> Fue pionera en la lucha por la emancipaci\u00f3n de la mujer, anarquista, conocida por sus escritos libertarios y feministas. <\/p>\n\n\n\n<figure class=\"wp-block-image\"><img decoding=\"async\" src=\"https:\/\/i2.wp.com\/www.caninomag.es\/wp-content\/uploads\/2018\/01\/cabezera_emma_goldman.jpg.jpg?resize=600%2C313&amp;ssl=1\" alt=\"\" \/><\/figure>\n\n\n\n<p> <br>A los 13 ya trabajaba en una f\u00e1brica de guantes en dur\u00edsimas condiciones. <strong>Luego de que su padrastro intentara casarla, emigr\u00f3 a los Estados Unidos con 16 a\u00f1os, all\u00ed trabaj\u00f3 como obrera textil y se uni\u00f3 al movimiento libertario. <\/strong>Fue encarcelada en reiteradas oportunidades, por agitadora, por distribuir su revista, por su posici\u00f3n respecto a la libertad sexual de la mujer.<\/p>\n\n\n\n<p>En <strong>1893<\/strong>, en medio de una terrible crisis econ\u00f3mica y social, Emma dio un discurso explosivo que la llevar\u00eda directamente a la c\u00e1rcel. Sus discursos aglutinaban a miles de personas por lo que las autoridades empezaron a verla como una agitadora social peligrosa. Al salir de la c\u00e1rcel luego de un a\u00f1o , en la misma puerta de la prisi\u00f3n y rodeada de reporteros, volvi\u00f3 a repetir el mismo discurso casi palabra por palabra. <\/p>\n\n\n\n<figure class=\"wp-block-image\"><img decoding=\"async\" src=\"https:\/\/i0.wp.com\/www.caninomag.es\/wp-content\/uploads\/2018\/01\/goldman_manifestacio%CC%81n.jpg.jpg?resize=600%2C338&amp;ssl=1\" alt=\"\" \/><\/figure>\n\n\n\n<p>Entre 1906 y 1917  edit\u00f3 y public\u00f3 <em><strong>Mother Earth<\/strong><\/em><strong> <\/strong>(Madre Tierra), una revista anarquista mensual.   Se uni\u00f3 a <strong>Margaret Sanger<\/strong>  en la defensa de la utilizaci\u00f3n de los m\u00e9todos anticonceptivos y la posibilidad de controlar la maternidad. En <strong>1916 <\/strong>fue detenida y encarcelada por difundir las ideas de Sanger, que en aquellos a\u00f1os eran escandalosas e ilegales. Al a\u00f1o siguiente volvi\u00f3 a ser encarcelada por defender otra causa distinta, la de la oposici\u00f3n a la guerra. <\/p>\n\n\n\n<p><strong>En 1919 fue expulsada de EE.UU. y deportada a Rusia.<\/strong> En la audiencia en la que se trataba de su expulsi\u00f3n, J. Edgar Hoover, que era el presidente de la misma y futuro jefe del FBI, la calific\u00f3 como una de las mujeres<em> \u201cm\u00e1s peligrosas de Am\u00e9rica\u201d. <\/em><\/p>\n\n\n\n<p><strong>Emma Goldman era peligrosa por defender la paz, los derechos de los obreros y las obreras y  el control del cuerpo femenino.\u00a0 <\/strong><\/p>\n\n\n\n<figure class=\"wp-block-image\"><img decoding=\"async\" src=\"https:\/\/i2.wp.com\/www.caninomag.es\/wp-content\/uploads\/2018\/01\/portada_motherearth.jpg.jpg?resize=600%2C915&amp;ssl=1\" alt=\"\" \/><\/figure>\n\n\n\n<p>Residi\u00f3 en Rusia entre 1920 y 1922 y particip\u00f3 en la sublevaci\u00f3n anarquista de Kronstadt. Apoy\u00f3 a los bolcheviques en contra de la divisi\u00f3n entre anarquistas y comunistas. La represi\u00f3n pol\u00edtica, la burocracia y los trabajos forzados que siguieron a la Revoluci\u00f3n rusa contribuyeron, en gran medida, a cambiar las ideas de Goldman sobre la manera de utilizar la violencia, excepci\u00f3n hecha de la autodefensa. Entendi\u00f3 que las desigualdades no hab\u00edan desaparecido, se hab\u00edan transformado.  <\/p>\n\n\n\n<figure class=\"wp-block-image\"><img decoding=\"async\" src=\"https:\/\/i0.wp.com\/www.caninomag.es\/wp-content\/uploads\/2018\/01\/emma_goldman-ficha.jpg.jpg?resize=634%2C394&amp;ssl=1\" alt=\"\" \/><\/figure>\n\n\n\n<p>Disconforme con lo que ve\u00eda del r\u00e9gimen sovi\u00e9tico, se instal\u00f3 definitivamente en <strong>Canad\u00e1<\/strong>. En 1936, a los 67 a\u00f1os, con el estallido de la Guerra Civil Espa\u00f1ola, viaj\u00f3 hasta Espa\u00f1a y entr\u00f3 en contacto con las organizaciones anarquistas como la Confederaci\u00f3n Nacional del Trabajo y la Federaci\u00f3n Anarquista Ib\u00e9rica. <br><\/p>\n\n\n\n<p><strong>En 1939 regres\u00f3 a Canad\u00e1 donde fallecer\u00eda pocos meses despu\u00e9s, el 14 de mayo de 1940, despu\u00e9s de sufrir un derrame cerebral.\u00a0 <\/strong><\/p>\n\n\n\n<p><strong>Los escritos contra la opresi\u00f3n de g\u00e9nero de Emma Goldman proponen una visi\u00f3n in\u00e9dita y de gran actualidad del sexo como espacio de lucha de liberaci\u00f3n.<\/strong><\/p>\n\n\n\n<figure class=\"wp-block-image\"><img decoding=\"async\" src=\"https:\/\/comunicadasdotorg.files.wordpress.com\/2019\/03\/70538-emma-goldman4.jpg\" alt=\"\" \/><\/figure>\n\n\n\n<p><br><\/p>\n","protected":false},"excerpt":{"rendered":"<p>Emma Goldman naci\u00f3 el 27 de junio de 1869 en Kaunas, Lituania. Fue pionera en la lucha por la emancipaci\u00f3n de la mujer, anarquista, conocida por sus escritos libertarios y feministas. A los 13 ya trabajaba en una f\u00e1brica de guantes en dur\u00edsimas condiciones. Luego de que su padrastro intentara casarla, emigr\u00f3 a los Estados [&hellip;]<\/p>\n","protected":false},"author":1,"featured_media":2575,"comment_status":"open","ping_status":"open","sticky":false,"template":"","format":"standard","meta":{"inline_featured_image":false,"_monsterinsights_skip_tracking":false,"_monsterinsights_sitenote_active":false,"_monsterinsights_sitenote_note":"","_monsterinsights_sitenote_category":0,"lzb_camalote_bajada":"","lzb_camalote_fotogalerias_repeater":"","lzb_camalote_fotogalerias_desc":"","lzb_camalote_fotogalerias_autorxs":"%5B%5D","lzb_camalote_post_imagen_destacada":"","lzb_camalote_post_imagen_destacada_fotografx":"","lzb_camalote_post_imagen_destacada_fotografx_url":"","_jetpack_memberships_contains_paid_content":false,"footnotes":""},"categories":[18],"tags":[351],"class_list":["post-2574","post","type-post","status-publish","format-standard","has-post-thumbnail","hentry","category-mujeres-en-la-historia","tag-emma-goldman"],"aioseo_notices":[],"jetpack_featured_media_url":"https:\/\/comunicadas.com.ar\/wp-content\/uploads\/2019\/03\/copia-de-copia-de-por-un-mundo-donde-seamos-socialmente-iguales-humanamente-diferentes-y-totalmente-libres-1.png","jetpack_sharing_enabled":true,"jetpack_likes_enabled":true,"_links":{"self":[{"href":"https:\/\/comunicadas.com.ar\/index.php\/wp-json\/wp\/v2\/posts\/2574"}],"collection":[{"href":"https:\/\/comunicadas.com.ar\/index.php\/wp-json\/wp\/v2\/posts"}],"about":[{"href":"https:\/\/comunicadas.com.ar\/index.php\/wp-json\/wp\/v2\/types\/post"}],"author":[{"embeddable":true,"href":"https:\/\/comunicadas.com.ar\/index.php\/wp-json\/wp\/v2\/users\/1"}],"replies":[{"embeddable":true,"href":"https:\/\/comunicadas.com.ar\/index.php\/wp-json\/wp\/v2\/comments?post=2574"}],"version-history":[{"count":0,"href":"https:\/\/comunicadas.com.ar\/index.php\/wp-json\/wp\/v2\/posts\/2574\/revisions"}],"wp:featuredmedia":[{"embeddable":true,"href":"https:\/\/comunicadas.com.ar\/index.php\/wp-json\/wp\/v2\/media\/2575"}],"wp:attachment":[{"href":"https:\/\/comunicadas.com.ar\/index.php\/wp-json\/wp\/v2\/media?parent=2574"}],"wp:term":[{"taxonomy":"category","embeddable":true,"href":"https:\/\/comunicadas.com.ar\/index.php\/wp-json\/wp\/v2\/categories?post=2574"},{"taxonomy":"post_tag","embeddable":true,"href":"https:\/\/comunicadas.com.ar\/index.php\/wp-json\/wp\/v2\/tags?post=2574"}],"curies":[{"name":"wp","href":"https:\/\/api.w.org\/{rel}","templated":true}]}}