{"id":2527,"date":"2019-03-19T16:00:33","date_gmt":"2019-03-19T19:00:33","guid":{"rendered":"http:\/\/comunicadas.com.ar\/?p=2527"},"modified":"2019-03-19T16:00:33","modified_gmt":"2019-03-19T19:00:33","slug":"por-primera-vez-una-mujer-gana-el-premio-abel-considerado-el-nobel-de-las-matematicas","status":"publish","type":"post","link":"https:\/\/comunicadas.com.ar\/index.php\/2019\/03\/19\/por-primera-vez-una-mujer-gana-el-premio-abel-considerado-el-nobel-de-las-matematicas\/","title":{"rendered":"Por primera vez una mujer gana el Premio Abel, considerado el Nobel de las matem\u00e1ticas"},"content":{"rendered":"\n<p>La Academia de Ciencias y Letras de Noruega premi\u00f3 a la\nestadounidense Karen Uhlenbeck, de 76 a\u00f1os, con el Premio Abel 2019, el\nequivalente al Nobel en el \u00e1mbito de las matem\u00e1ticas.<\/p>\n\n\n\n<p>Karen Uhlenbeck fue la primera mujer en ser premiada con el galard\u00f3n\ncreado en 2002, en conmemoraci\u00f3n del bicentenario del nacimiento del matem\u00e1tico\nnoruego Niels Henrik Abel y que desde entonces premi\u00f3 a 19 cient\u00edficos varones.\n<\/p>\n\n\n\n<p>Hoy Karen Uhlenbeck fue reconocida por su trabajo, que permiti\u00f3\navances revolucionarios en la intersecci\u00f3n de las matem\u00e1ticas y la f\u00edsica, pero\ntiempo atr\u00e1s cont\u00f3 c\u00f3mo fue discriminada solo por el hecho de ser mujer. Cuando\nera una joven matem\u00e1tica y tuvo que salir a buscar empleo, le dijeron abiertamente\nque \u201cnadie contrataba a mujeres, porque las mujeres deb\u00edan quedarse en casa y\ntener beb\u00e9s\u201d. <\/p>\n\n\n\n<p>\u201cUno de los problemas m\u00e1s serios que tienen las mujeres es\nhacerse a la idea de que existe una sutil falta de aceptaci\u00f3n hacia ellas y que\ntienen que actuar en consecuencia\u201d, alert\u00f3 la cient\u00edfica estadounidense. En esta\nl\u00ednea expres\u00f3: \"No puedo pensar en una mujer matem\u00e1tica para quien la vida\nhaya sido f\u00e1cil. Los esfuerzos heroicos tienden a ser la norma\". &nbsp;<\/p>\n\n\n\n<p>La historia de Uhlenbeck da cuenta de la brecha de g\u00e9nero que\nafecta a todos los \u00e1mbitos. Las mujeres y les disidentes tendr\u00edan que poder desarrollarse\ncomo cient\u00edfiques con las mismas condiciones que tiene hoy en d\u00eda cualquier\nhombre cis, pero sabemos que eso no pasa. <\/p>\n\n\n\n<p>El hero\u00edsmo no puede seguir siendo la norma bajo la cual nuestro\ntrabajo es reconocido. <\/p>\n","protected":false},"excerpt":{"rendered":"<p>La Academia de Ciencias y Letras de Noruega premi\u00f3 a la estadounidense Karen Uhlenbeck, de 76 a\u00f1os, con el Premio Abel 2019, el equivalente al Nobel en el \u00e1mbito de las matem\u00e1ticas.<\/p>\n","protected":false},"author":1,"featured_media":2528,"comment_status":"open","ping_status":"open","sticky":false,"template":"","format":"standard","meta":{"inline_featured_image":false,"_monsterinsights_skip_tracking":false,"_monsterinsights_sitenote_active":false,"_monsterinsights_sitenote_note":"","_monsterinsights_sitenote_category":0,"lzb_camalote_bajada":"","lzb_camalote_fotogalerias_repeater":"","lzb_camalote_fotogalerias_desc":"","lzb_camalote_fotogalerias_autorxs":"%5B%5D","lzb_camalote_post_imagen_destacada":"","lzb_camalote_post_imagen_destacada_fotografx":"","lzb_camalote_post_imagen_destacada_fotografx_url":"","_jetpack_memberships_contains_paid_content":false,"footnotes":""},"categories":[17,19],"tags":[238,602,674,745],"class_list":["post-2527","post","type-post","status-publish","format-standard","has-post-thumbnail","hentry","category-mujeres-empoderadas","category-noticias","tag-ciencia","tag-matematica","tag-nobel","tag-premio-abel"],"aioseo_notices":[],"jetpack_featured_media_url":"https:\/\/comunicadas.com.ar\/wp-content\/uploads\/2019\/03\/karen-uhlenbeck-1.jpg","jetpack_sharing_enabled":true,"jetpack_likes_enabled":true,"_links":{"self":[{"href":"https:\/\/comunicadas.com.ar\/index.php\/wp-json\/wp\/v2\/posts\/2527"}],"collection":[{"href":"https:\/\/comunicadas.com.ar\/index.php\/wp-json\/wp\/v2\/posts"}],"about":[{"href":"https:\/\/comunicadas.com.ar\/index.php\/wp-json\/wp\/v2\/types\/post"}],"author":[{"embeddable":true,"href":"https:\/\/comunicadas.com.ar\/index.php\/wp-json\/wp\/v2\/users\/1"}],"replies":[{"embeddable":true,"href":"https:\/\/comunicadas.com.ar\/index.php\/wp-json\/wp\/v2\/comments?post=2527"}],"version-history":[{"count":0,"href":"https:\/\/comunicadas.com.ar\/index.php\/wp-json\/wp\/v2\/posts\/2527\/revisions"}],"wp:featuredmedia":[{"embeddable":true,"href":"https:\/\/comunicadas.com.ar\/index.php\/wp-json\/wp\/v2\/media\/2528"}],"wp:attachment":[{"href":"https:\/\/comunicadas.com.ar\/index.php\/wp-json\/wp\/v2\/media?parent=2527"}],"wp:term":[{"taxonomy":"category","embeddable":true,"href":"https:\/\/comunicadas.com.ar\/index.php\/wp-json\/wp\/v2\/categories?post=2527"},{"taxonomy":"post_tag","embeddable":true,"href":"https:\/\/comunicadas.com.ar\/index.php\/wp-json\/wp\/v2\/tags?post=2527"}],"curies":[{"name":"wp","href":"https:\/\/api.w.org\/{rel}","templated":true}]}}