{"id":2378,"date":"2019-03-11T18:00:49","date_gmt":"2019-03-11T21:00:49","guid":{"rendered":"http:\/\/comunicadas.com.ar\/?p=2378"},"modified":"2019-03-11T18:00:49","modified_gmt":"2019-03-11T21:00:49","slug":"mujeres-en-la-historia-lex-oppia-las-protestas-de-las-mujeres-romanas","status":"publish","type":"post","link":"https:\/\/comunicadas.com.ar\/index.php\/2019\/03\/11\/mujeres-en-la-historia-lex-oppia-las-protestas-de-las-mujeres-romanas\/","title":{"rendered":"Mujeres en la historia: Lex Oppia, las protestas de las mujeres romanas"},"content":{"rendered":"\n<p>Seg\u00fan los antiguos romanos\u00a0 <strong>las mujeres deb\u00edan ser tan solo matronas, siempre bajo la tutela del paterfamilias<\/strong>. Deb\u00edan ser austeras\u00a0 y modestas en el atuendo. <strong>Ten\u00edan\u00a0 prohibido marcar las curvas del cuerpo y se deb\u00eda\u00a0 usar\u00a0 velo. <\/strong><\/p>\n\n\n\n<figure class=\"wp-block-image\"><img decoding=\"async\" src=\"https:\/\/comunicadasdotorg.files.wordpress.com\/2019\/03\/d3bf3-mujeresromanas.png\" alt=\"Resultado de imagen para lex oppia mujeres romanas\" \/><\/figure>\n\n\n\n<p> En el a\u00f1o <strong>215 a. C.,<\/strong> tras ser derrotado el ej\u00e9rcito romano por An\u00edbal en la batalla de Cannas, <strong>los pol\u00edticos, movidos por la necesidad de recuperarse econ\u00f3micamente para continuar haciendo frente a tan poderoso enemigo, votaron la\u00a0<\/strong><em><strong>Lex Oppia<\/strong><\/em><strong> <\/strong>, que limitaba las manifestaciones externas de riqueza en las mujeres. <\/p>\n\n\n\n<figure class=\"wp-block-image\"><img decoding=\"async\" src=\"https:\/\/revistadehistoria.es\/wp-content\/uploads\/2015\/05\/lex_oppia.jpg\" alt=\"Resultado de imagen para lex oppia mujeres romanas\" \/><\/figure>\n\n\n\n<p>No se les\u00a0 permit\u00eda llevar m\u00e1s de media onza de oro en joyas, los vestidos sin colores llamativos para no emplear tintes caros, y habr\u00edan de conformarse con la litera y el tiro para circular por Roma e inmediaciones, pues se prohib\u00eda el carruaje de dos caballos si no era para asistir a alg\u00fan acontecimiento de car\u00e1cter religioso. A\u00f1os despu\u00e9s la ley se profundiz\u00f3 y <strong> los hombres deb\u00edan entregar al tesoro p\u00fablico los elementos de oro de sus esposas e hijas.  <\/strong><\/p>\n\n\n\n<figure class=\"wp-block-image\"><img decoding=\"async\" src=\"https:\/\/unaderomanos.files.wordpress.com\/2016\/01\/toga21.jpg?w=584\" alt=\"Resultado de imagen para lex oppia mujeres romanas\" \/><\/figure>\n\n\n\n<p><br><\/p>\n\n\n\n<p> Pero llegados al a\u00f1o 195 a. C., bajo el consulado de Cat\u00f3n, las restricciones impuestas por la ley ya no ten\u00edan tanto sentido ya que Roma hab\u00eda vencido y la riqueza era abundante, haciendo innecesario tanto recorte. <strong>Por este motivo, dos tribunos de la plebe pensaron que ser\u00eda buena idea pedir su abrogaci\u00f3n.\u00a0 <\/strong>Mientras en el Senado los hombres discut\u00edan que hacer, las <strong>mujeres se manifestaron en Roma<\/strong> para que se revocara. <\/p>\n\n\n\n<figure class=\"wp-block-image\"><img decoding=\"async\" src=\"https:\/\/unaderomanos.files.wordpress.com\/2016\/01\/indumentaria-romanas.jpg?w=584\" alt=\"Resultado de imagen para lex oppia mujeres romanas\" \/><\/figure>\n\n\n\n<p class=\"has-medium-font-size\"><strong>Esta masiva manifestaci\u00f3n es considerada por algunos investigadores como la primera manifestaci\u00f3n femenina de la Historia y un ejemplo de transgresi\u00f3n femenina de las normas impuestas por la sociedad patriarcal romana.  <\/strong><\/p>\n\n\n\n<p>Una enorme multitud entr\u00f3 en el Capitolio.  Ocuparon todas las calles de la ciudad y los accesos al Foro. <strong>A medida que transcurr\u00edan los d\u00edas m\u00e1s mujeres se sumaron desde las zonas rurales cercanas para exigir la derogaci\u00f3n de la Lex Oppia.  <\/strong><\/p>\n\n\n\n<figure class=\"wp-block-image\"><img decoding=\"async\" src=\"https:\/\/unaderomanos.files.wordpress.com\/2016\/01\/mujerromana.jpg?w=584\" alt=\"Resultado de imagen para matronas romanas\" \/><\/figure>\n\n\n\n<p> El asunto escandaliz\u00f3 tanto a los romanos que fue discutido en el Senado. uno de esos discursos, el de Marco Porcio Cat\u00f3n trascendi\u00f3 gracias a Tito Livio.<\/p>\n\n\n\n<p> <strong>Cat\u00f3n\u00a0 <\/strong>se encontraba escandalizado con la situaci\u00f3n. Habla de un tumulto mujeril y reprocha al resto de senadores que no sean capaces de contener a sus esposas dentro de los muros de sus casas, ya que, si las mujeres salen a la calle y se inmiscuyen en los asuntos masculinos, los hombres acabar\u00e1n perdiendo su libertad, se\u00f1alando que <em><strong>\u201cdesde el momento mismo en que comiencen a ser iguales, ser\u00e1n superiores\u201d<\/strong><\/em> (Liv. XXXIV).\u00a0 <\/p>\n\n\n\n<p><strong> Finalmente, la ley fue derogada, y las mujeres romanas vieron devueltos sus derechos. <\/strong><\/p>\n\n\n\n<figure class=\"wp-block-image\"><img decoding=\"async\" src=\"https:\/\/lh4.googleusercontent.com\/LPtCGSHekkag0gR8YOTuzAuewg9dEhYQ59fKlAZRd_uno6MvLXsGh9kGNXeCogQ_Uhf9Uh6IfGtXjIa01mJ2GggYkGFsc3exO2JjQe-o3UFAhQ7bfqwC19Thbv3vKzQy7VjGys6T\" alt=\"Imagen relacionada\" \/><\/figure>\n\n\n\n<p><\/p>\n\n\n\n<p> <br><br><\/p>\n\n\n\n<p><br><\/p>\n","protected":false},"excerpt":{"rendered":"<p>Seg\u00fan los antiguos romanos\u00a0 las mujeres deb\u00edan ser tan solo matronas, siempre bajo la tutela del paterfamilias. Deb\u00edan ser austeras\u00a0 y modestas en el atuendo. Ten\u00edan\u00a0 prohibido marcar las curvas del cuerpo y se deb\u00eda\u00a0 usar\u00a0 velo. En el a\u00f1o 215 a. C., tras ser derrotado el ej\u00e9rcito romano por An\u00edbal en la batalla de [&hellip;]<\/p>\n","protected":false},"author":1,"featured_media":2379,"comment_status":"open","ping_status":"open","sticky":false,"template":"","format":"standard","meta":{"inline_featured_image":false,"_monsterinsights_skip_tracking":false,"_monsterinsights_sitenote_active":false,"_monsterinsights_sitenote_note":"","_monsterinsights_sitenote_category":0,"lzb_camalote_bajada":"","lzb_camalote_fotogalerias_repeater":"","lzb_camalote_fotogalerias_desc":"","lzb_camalote_fotogalerias_autorxs":"%5B%5D","lzb_camalote_post_imagen_destacada":"","lzb_camalote_post_imagen_destacada_fotografx":"","lzb_camalote_post_imagen_destacada_fotografx_url":"","_jetpack_memberships_contains_paid_content":false,"footnotes":""},"categories":[18],"tags":[],"class_list":["post-2378","post","type-post","status-publish","format-standard","has-post-thumbnail","hentry","category-mujeres-en-la-historia"],"aioseo_notices":[],"jetpack_featured_media_url":"https:\/\/comunicadas.com.ar\/wp-content\/uploads\/2019\/03\/por-un-mundo-donde-seamos-socialmente-iguales-humanamente-diferentes-y-totalmente-libres-1-1.png","jetpack_sharing_enabled":true,"jetpack_likes_enabled":true,"_links":{"self":[{"href":"https:\/\/comunicadas.com.ar\/index.php\/wp-json\/wp\/v2\/posts\/2378"}],"collection":[{"href":"https:\/\/comunicadas.com.ar\/index.php\/wp-json\/wp\/v2\/posts"}],"about":[{"href":"https:\/\/comunicadas.com.ar\/index.php\/wp-json\/wp\/v2\/types\/post"}],"author":[{"embeddable":true,"href":"https:\/\/comunicadas.com.ar\/index.php\/wp-json\/wp\/v2\/users\/1"}],"replies":[{"embeddable":true,"href":"https:\/\/comunicadas.com.ar\/index.php\/wp-json\/wp\/v2\/comments?post=2378"}],"version-history":[{"count":0,"href":"https:\/\/comunicadas.com.ar\/index.php\/wp-json\/wp\/v2\/posts\/2378\/revisions"}],"wp:featuredmedia":[{"embeddable":true,"href":"https:\/\/comunicadas.com.ar\/index.php\/wp-json\/wp\/v2\/media\/2379"}],"wp:attachment":[{"href":"https:\/\/comunicadas.com.ar\/index.php\/wp-json\/wp\/v2\/media?parent=2378"}],"wp:term":[{"taxonomy":"category","embeddable":true,"href":"https:\/\/comunicadas.com.ar\/index.php\/wp-json\/wp\/v2\/categories?post=2378"},{"taxonomy":"post_tag","embeddable":true,"href":"https:\/\/comunicadas.com.ar\/index.php\/wp-json\/wp\/v2\/tags?post=2378"}],"curies":[{"name":"wp","href":"https:\/\/api.w.org\/{rel}","templated":true}]}}