{"id":2354,"date":"2019-03-06T18:08:39","date_gmt":"2019-03-06T21:08:39","guid":{"rendered":"http:\/\/comunicadas.com.ar\/?p=2354"},"modified":"2019-03-06T18:08:39","modified_gmt":"2019-03-06T21:08:39","slug":"mujeres-en-la-historia-juana-azurduy","status":"publish","type":"post","link":"https:\/\/comunicadas.com.ar\/index.php\/2019\/03\/06\/mujeres-en-la-historia-juana-azurduy\/","title":{"rendered":"Mujeres en la historia: Juana Azurduy"},"content":{"rendered":"\n<p><strong>Juana Azurduy<\/strong> naci\u00f3 el 12 de julio de 1780, en Chuquisaca (actual ciudad de Sucre), era hija de do\u00f1a <strong>Eulalia Berm\u00fadez<\/strong>, una \u201cchola\u201d (mestiza, hija de padre espa\u00f1ol y madre india) y de don\u00a0<strong>Mat\u00edas Azurduy<\/strong>, un hombre blanco que pose\u00eda haciendas en la regi\u00f3n. Desde ni\u00f1a acompa\u00f1aba a su padre en las labores rurales junto a los ind\u00edgenas que trabajan sus tierras. De esta forma aprendi\u00f3 a ser una excelente jinete y domin\u00f3 las lenguas quechua y aymara, habilidades que resultar\u00edan muy importantes en su futuro como guerrillera revolucionaria. <\/p>\n\n\n\n<figure class=\"wp-block-image\"><img decoding=\"async\" src=\"https:\/\/www.biografiasyvidas.com\/biografia\/a\/fotos\/azurduy.jpg\" alt=\"\" \/><\/figure>\n\n\n\n<p>En 1799 Juana se cas\u00f3 con <strong>Miguel Asencio Padilla<\/strong>, que era hijo de unos vecinos de hacienda y amigo de sus padres. Fruto del matrimonio nacieron cinco hijos. Padilla intent\u00f3 hacer carrera en la burocracia colonial, pero le resultaba muy dif\u00edcil por su condici\u00f3n de americano.<strong> La vida de Azurduy y Padilla cambi\u00f3 para siempre en mayo de 1810. Ellos apoyaron al Ej\u00e9rcito Auxiliar del Alto Per\u00fa enviado desde Buenos Aires.\u00a0 <\/strong><\/p>\n\n\n\n<figure class=\"wp-block-image\"><img decoding=\"async\" src=\"http:\/\/www.lagazeta.com.ar\/azurduy.jpg\" alt=\"Resultado de imagen para juana azurduy\" \/><\/figure>\n\n\n\n<p>Despu\u00e9s de la derrota de Huaqui en 1811, el ej\u00e9rcito patriota debi\u00f3 retroceder hasta Tucum\u00e1n. <strong>Mientras tanto, surgieron en el Alto Per\u00fa grupos hostiles a los realistas que fueron combatidos mediante la guerra de guerrillas<\/strong>. Uno de estos grupos fue liderado por Padilla y secundado por su esposa. Ella luch\u00f3 en la regi\u00f3n del Alto Per\u00fa, desde el norte de Chuquisaca, en el Altiplano, hasta las selvas del sur. <strong>Organiz\u00f3 un batall\u00f3n llamado \u201cLos Leales\u201d y un cuerpo de caballer\u00eda conformado por 25 mujeres, conocido como \u201cLas Amazonas\u201d<\/strong>. Juana y Manuel perdieron en la lucha a cuatro de sus hijos, pero siguieron luchando apoyando la nueva ofensiva del ej\u00e9rcito comandado por <strong>Manuel Belgrano<\/strong>. <\/p>\n\n\n\n<figure class=\"wp-block-image\"><img decoding=\"async\" src=\"https:\/\/images.clarin.com\/2016\/05\/13\/ByQsiDiK4g_1256x620.jpg\" alt=\"Imagen relacionada\" \/><\/figure>\n\n\n\n<p><strong>Embarazada de su quinta hija, Juana sigui\u00f3 combatiendo. <\/strong>En el verano de 1816 en la regi\u00f3n de Villar tuvo una importante intervenci\u00f3n. Su marido tuvo que partir hacia la zona del Chaco y dej\u00f3 a cargo de su esposa esa regi\u00f3n estrat\u00e9gica, conocida tambi\u00e9n en la \u00e9poca como Hacienda de Villar. <strong> Juana organiz\u00f3 la defensa del territorio y, en una audaz incursi\u00f3n, arrebat\u00f3 ella misma la bandera del regimiento al jefe de las fuerzas enemigas y dirigi\u00f3 la ocupaci\u00f3n del Cerro de la Plata.  <\/strong>e incluso logr\u00f3 arrebatarle un estandarte espa\u00f1ol a un coronel enemigo. Acto por el que fue reconocida por<strong> Manuel Belgrano<\/strong>, quien le obsequi\u00f3 su espada. Belgrano, adem\u00e1s, le escribi\u00f3 al director supremo Juan Mart\u00edn de Pueyrred\u00f3n para que le concediera a Azurduy el grado de teniente coronel.<\/p>\n\n\n\n<figure class=\"wp-block-image\"><img decoding=\"async\" src=\"http:\/\/www.lacampora.org\/wp-content\/uploads\/2015\/07\/26862.png\" alt=\"Resultado de imagen para juana azurduy\" \/><\/figure>\n\n\n\n<p> <br>En septiembre de 1816 muri\u00f3 Padilla. Al poco tiempo Juana decidi\u00f3 trasladarse a Salta y unirse a las fuerzas patriotas de\u00a0<strong>Miguel Mart\u00edn de G\u00fcemes<\/strong>\u00a0con quien luch\u00f3 hasta 1821 cuando muri\u00f3 el l\u00edder salte\u00f1o. La nueva p\u00e9rdida la alej\u00f3 del escenario militar. Sumida en la pobreza \u2013sus propiedades hab\u00edan sido expropiadas por los realistas\u2013 present\u00f3 una carta al gobierno salte\u00f1o pidiendo auxilio econ\u00f3mico para volver a su tierra. Finalmente pudo regresar en 1825, a\u00f1o en que se celebr\u00f3 la Independencia de la Rep\u00fablica de Bolivia. <strong>Chuquisaca la recibi\u00f3 con honores y fue homenajeada por el propio\u00a0Sim\u00f3n Bol\u00edvar, quien la declar\u00f3 \u201chero\u00edna\u201d.  <\/strong><\/p>\n\n\n\n<p> <strong>El 25 de mayo de 1862, a los 82 a\u00f1os y acompa\u00f1ada por un ni\u00f1o llamado Indalecio Sandi que hab\u00eda tomado bajo su cuidado, muri\u00f3 Juana Azurduy. <\/strong>Fue enterrada en una fosa com\u00fan y cien a\u00f1os despu\u00e9s sus restos (o lo que se cree que fueron sus restos) fueron exhumados y depositados en un mausoleo que se construy\u00f3 en su homenaje en la ciudad de Sucre. <\/p>\n\n\n\n<p>La historia de Juana Azurduy fue \"borrada\" por los historiadores liberales argentinos. Sin embargo, en los \u00faltimos a\u00f1os ha sido especialmente revalorizada. <strong>En julio de 2009 fue ascendida <\/strong><em><strong>pos mortem<\/strong><\/em><strong>\u00a0del grado de Teniente Coronel al de General del Ej\u00e9rcito Argentino. Adem\u00e1s se firm\u00f3 un tratado internacional que instituye la fecha del nacimiento de Juana Azurduy, como el d\u00eda de la Confraternidad Argentina-Boliviana.\u00a0 <\/strong><\/p>\n","protected":false},"excerpt":{"rendered":"<p>Juana Azurduy naci\u00f3 el 12 de julio de 1780, en Chuquisaca (actual ciudad de Sucre), era hija de do\u00f1a Eulalia Berm\u00fadez, una \u201cchola\u201d (mestiza, hija de padre espa\u00f1ol y madre india) y de don\u00a0Mat\u00edas Azurduy, un hombre blanco que pose\u00eda haciendas en la regi\u00f3n. Desde ni\u00f1a acompa\u00f1aba a su padre en las labores rurales junto [&hellip;]<\/p>\n","protected":false},"author":1,"featured_media":2355,"comment_status":"open","ping_status":"open","sticky":false,"template":"","format":"standard","meta":{"inline_featured_image":false,"_monsterinsights_skip_tracking":false,"_monsterinsights_sitenote_active":false,"_monsterinsights_sitenote_note":"","_monsterinsights_sitenote_category":0,"lzb_camalote_bajada":"","lzb_camalote_fotogalerias_repeater":"","lzb_camalote_fotogalerias_desc":"","lzb_camalote_fotogalerias_autorxs":"%5B%5D","lzb_camalote_post_imagen_destacada":"","lzb_camalote_post_imagen_destacada_fotografx":"","lzb_camalote_post_imagen_destacada_fotografx_url":"","_jetpack_memberships_contains_paid_content":false,"footnotes":""},"categories":[18],"tags":[480],"class_list":["post-2354","post","type-post","status-publish","format-standard","has-post-thumbnail","hentry","category-mujeres-en-la-historia","tag-juana-azurduy"],"aioseo_notices":[],"jetpack_featured_media_url":"https:\/\/comunicadas.com.ar\/wp-content\/uploads\/2019\/03\/por-un-mundo-donde-seamos-socialmente-iguales-humanamente-diferentes-y-totalmente-libres-2.png","jetpack_sharing_enabled":true,"jetpack_likes_enabled":true,"_links":{"self":[{"href":"https:\/\/comunicadas.com.ar\/index.php\/wp-json\/wp\/v2\/posts\/2354"}],"collection":[{"href":"https:\/\/comunicadas.com.ar\/index.php\/wp-json\/wp\/v2\/posts"}],"about":[{"href":"https:\/\/comunicadas.com.ar\/index.php\/wp-json\/wp\/v2\/types\/post"}],"author":[{"embeddable":true,"href":"https:\/\/comunicadas.com.ar\/index.php\/wp-json\/wp\/v2\/users\/1"}],"replies":[{"embeddable":true,"href":"https:\/\/comunicadas.com.ar\/index.php\/wp-json\/wp\/v2\/comments?post=2354"}],"version-history":[{"count":0,"href":"https:\/\/comunicadas.com.ar\/index.php\/wp-json\/wp\/v2\/posts\/2354\/revisions"}],"wp:featuredmedia":[{"embeddable":true,"href":"https:\/\/comunicadas.com.ar\/index.php\/wp-json\/wp\/v2\/media\/2355"}],"wp:attachment":[{"href":"https:\/\/comunicadas.com.ar\/index.php\/wp-json\/wp\/v2\/media?parent=2354"}],"wp:term":[{"taxonomy":"category","embeddable":true,"href":"https:\/\/comunicadas.com.ar\/index.php\/wp-json\/wp\/v2\/categories?post=2354"},{"taxonomy":"post_tag","embeddable":true,"href":"https:\/\/comunicadas.com.ar\/index.php\/wp-json\/wp\/v2\/tags?post=2354"}],"curies":[{"name":"wp","href":"https:\/\/api.w.org\/{rel}","templated":true}]}}