{"id":2335,"date":"2019-03-05T11:11:11","date_gmt":"2019-03-05T14:11:11","guid":{"rendered":"http:\/\/comunicadas.com.ar\/?p=2335"},"modified":"2019-03-05T11:11:11","modified_gmt":"2019-03-05T14:11:11","slug":"ana-barral-asume-la-rectoria-del-carlos-pellegrini-en-un-acto-historico-al-convertirse-en-la-primera-mujer-en-dirigir-la-institucion-educativa","status":"publish","type":"post","link":"https:\/\/comunicadas.com.ar\/index.php\/2019\/03\/05\/ana-barral-asume-la-rectoria-del-carlos-pellegrini-en-un-acto-historico-al-convertirse-en-la-primera-mujer-en-dirigir-la-institucion-educativa\/","title":{"rendered":"Ana Barral asume la rector\u00eda del Carlos Pellegrini en un acto hist\u00f3rico, al convertirse en la primera mujer en dirigir la instituci\u00f3n educativa"},"content":{"rendered":"\n<p>&nbsp;Ana Barral (55)&nbsp;da clases hace 26 a\u00f1os en el Colegio Comercial Carlos Pellegrini. Se convirti\u00f3 en la primera mujer en ser rectora de esa instituci\u00f3n.<\/p>\n\n\n\n<p>La profesora de Ciencias Naturales asegur\u00f3 en una entrevista al diario La Naci\u00f3n que uno de los principales objetivos de su mandato es la implementaci\u00f3n de manera transversal de la ley de Educaci\u00f3n Sexual Integral (ESI), de 1\u00b0 a 5\u00b0 a\u00f1o. \"Hay docentes que ya trabajan de esa manera, pero hay que entender que la ESI no est\u00e1 solomente relacionada con la anticoncepci\u00f3n. Se trata de los derechos sexuales, reproductivos, decisiones y perspecitva de g\u00e9nero\", se\u00f1ala, y refuerza su compromiso firme con las diversas cuestiones vinculadas a esta problem\u00e1tica.<\/p>\n\n\n\n<p>Sobre lo ocurrido con el profesor de biolog\u00eda Renato Ristori, que comparti\u00f3 un meme sexista en su Facebook con la cara de una de sus alumnas de 17 a\u00f1os donde la ridiculizaba y la trataba de feminazi se\u00f1al\u00f3: \"Se aplic\u00f3 el protocolo de violencia de g\u00e9nero de la UBA que rige para nuestro colegio, y son este tipo de episodios los que realmente me preocupan. Algo as\u00ed nunca deber\u00eda haber sucedido, por eso tomamos la decisi\u00f3n de seleccionar a un referente externo que trabaje exclusivamente sobre estos temas, porque lo m\u00e1s importante es dar respuestas r\u00e1pidas, tanto a nivel administrativo como de contenci\u00f3n individual\".<\/p>\n\n\n\n<p>Barral habilit\u00f3 a lxs profesorxs a que utilicen el lenguaje inclusivo en el dictado de las materias. <\/p>\n\n\n\n<p><\/p>\n","protected":false},"excerpt":{"rendered":"<p>&nbsp;Ana Barral (55)&nbsp;da clases hace 26 a\u00f1os en el Colegio Comercial Carlos Pellegrini. Se convirti\u00f3 en la primera mujer en ser rectora de esa instituci\u00f3n. La profesora de Ciencias Naturales asegur\u00f3 en una entrevista al diario La Naci\u00f3n que uno de los principales objetivos de su mandato es la implementaci\u00f3n de manera transversal de la [&hellip;]<\/p>\n","protected":false},"author":1,"featured_media":2336,"comment_status":"open","ping_status":"open","sticky":false,"template":"","format":"standard","meta":{"inline_featured_image":false,"_monsterinsights_skip_tracking":false,"_monsterinsights_sitenote_active":false,"_monsterinsights_sitenote_note":"","_monsterinsights_sitenote_category":0,"lzb_camalote_bajada":"","lzb_camalote_fotogalerias_repeater":"","lzb_camalote_fotogalerias_desc":"","lzb_camalote_fotogalerias_autorxs":"%5B%5D","lzb_camalote_post_imagen_destacada":"","lzb_camalote_post_imagen_destacada_fotografx":"","lzb_camalote_post_imagen_destacada_fotografx_url":"","_jetpack_memberships_contains_paid_content":false,"footnotes":""},"categories":[17,19],"tags":[127,208],"class_list":["post-2335","post","type-post","status-publish","format-standard","has-post-thumbnail","hentry","category-mujeres-empoderadas","category-noticias","tag-ana-barral","tag-carlos-pellegrini"],"aioseo_notices":[],"jetpack_featured_media_url":"https:\/\/comunicadas.com.ar\/wp-content\/uploads\/2019\/03\/2884352w380-1.jpg","jetpack_sharing_enabled":true,"jetpack_likes_enabled":true,"_links":{"self":[{"href":"https:\/\/comunicadas.com.ar\/index.php\/wp-json\/wp\/v2\/posts\/2335"}],"collection":[{"href":"https:\/\/comunicadas.com.ar\/index.php\/wp-json\/wp\/v2\/posts"}],"about":[{"href":"https:\/\/comunicadas.com.ar\/index.php\/wp-json\/wp\/v2\/types\/post"}],"author":[{"embeddable":true,"href":"https:\/\/comunicadas.com.ar\/index.php\/wp-json\/wp\/v2\/users\/1"}],"replies":[{"embeddable":true,"href":"https:\/\/comunicadas.com.ar\/index.php\/wp-json\/wp\/v2\/comments?post=2335"}],"version-history":[{"count":0,"href":"https:\/\/comunicadas.com.ar\/index.php\/wp-json\/wp\/v2\/posts\/2335\/revisions"}],"wp:featuredmedia":[{"embeddable":true,"href":"https:\/\/comunicadas.com.ar\/index.php\/wp-json\/wp\/v2\/media\/2336"}],"wp:attachment":[{"href":"https:\/\/comunicadas.com.ar\/index.php\/wp-json\/wp\/v2\/media?parent=2335"}],"wp:term":[{"taxonomy":"category","embeddable":true,"href":"https:\/\/comunicadas.com.ar\/index.php\/wp-json\/wp\/v2\/categories?post=2335"},{"taxonomy":"post_tag","embeddable":true,"href":"https:\/\/comunicadas.com.ar\/index.php\/wp-json\/wp\/v2\/tags?post=2335"}],"curies":[{"name":"wp","href":"https:\/\/api.w.org\/{rel}","templated":true}]}}