{"id":2235,"date":"2019-02-15T14:30:59","date_gmt":"2019-02-15T17:30:59","guid":{"rendered":"http:\/\/comunicadas.com.ar\/?p=2235"},"modified":"2019-02-15T14:30:59","modified_gmt":"2019-02-15T17:30:59","slug":"grave-el-senado-brasileno-va-por-la-prohibicion-total-del-aborto","status":"publish","type":"post","link":"https:\/\/comunicadas.com.ar\/index.php\/2019\/02\/15\/grave-el-senado-brasileno-va-por-la-prohibicion-total-del-aborto\/","title":{"rendered":"Grave: el Senado brasile\u00f1o va por la prohibici\u00f3n total del aborto"},"content":{"rendered":"\n<p style=\"color:#1c00a3;\" class=\"has-text-color has-background has-pale-pink-background-color\">Seg\u00fan <em>P\u00e1gina12.com<\/em>, el <strong>Senado de Brasil<\/strong> aprob\u00f3 ayer por mayor\u00eda el tratamiento de un proyecto que <strong>proh\u00edbe el aborto en todas las causales<\/strong>, en l\u00ednea con la opini\u00f3n del presidente ultraderechista y evangelista Jair <strong>Bolsonaro<\/strong> sobre el derecho de las mujeres a decidir sobre su propio cuerpo.&nbsp; <\/p>\n\n\n\n<p> La iniciativa, cajoneada desde 2015, hab\u00eda sido elaborada por un pastor evang\u00e9lico, el senador Magno Malta, pero fue reflotada por un legislador que manifest\u00f3 su expreso apoyo al ex capit\u00e1n de reserva durante la campa\u00f1a presidencial.&nbsp; <\/p>\n\n\n\n<p>El proyecto en cuesti\u00f3n, que ser\u00e1 debatido por la C\u00e1mara Alta en las pr\u00f3ximas semanas, es una Propuesta de Enmienda a la Constituci\u00f3n (PEC), por lo que debe ser sometido a votaci\u00f3n en el Congreso. La iniciativa elimina la posibilidad de interrumpir voluntariamente el embarazo dentro de las 12 primeras semanas cuando la mujer es v\u00edctima de violencia sexual, si hay riesgo de vida de la madre o si el beb\u00e9 no tiene cerebro, factores que hoy en d\u00eda son considerados legales para la realizaci\u00f3n de abortos.&nbsp;<br><\/p>\n\n\n\n<p><\/p>\n","protected":false},"excerpt":{"rendered":"<p>Seg\u00fan P\u00e1gina12.com, el Senado de Brasil aprob\u00f3 ayer por mayor\u00eda el tratamiento de un proyecto que proh\u00edbe el aborto en todas las causales, en l\u00ednea con la opini\u00f3n del presidente ultraderechista y evangelista Jair Bolsonaro sobre el derecho de las mujeres a decidir sobre su propio cuerpo.&nbsp; La iniciativa, cajoneada desde 2015, hab\u00eda sido elaborada [&hellip;]<\/p>\n","protected":false},"author":1,"featured_media":2236,"comment_status":"open","ping_status":"open","sticky":false,"template":"","format":"standard","meta":{"inline_featured_image":false,"_monsterinsights_skip_tracking":false,"_monsterinsights_sitenote_active":false,"_monsterinsights_sitenote_note":"","_monsterinsights_sitenote_category":0,"lzb_camalote_bajada":"","lzb_camalote_fotogalerias_repeater":"","lzb_camalote_fotogalerias_desc":"","lzb_camalote_fotogalerias_autorxs":"%5B%5D","lzb_camalote_post_imagen_destacada":"","lzb_camalote_post_imagen_destacada_fotografx":"","lzb_camalote_post_imagen_destacada_fotografx_url":"","_jetpack_memberships_contains_paid_content":false,"footnotes":""},"categories":[1],"tags":[],"class_list":["post-2235","post","type-post","status-publish","format-standard","has-post-thumbnail","hentry","category-sin-categoria"],"aioseo_notices":[],"jetpack_featured_media_url":"","jetpack_sharing_enabled":true,"jetpack_likes_enabled":true,"_links":{"self":[{"href":"https:\/\/comunicadas.com.ar\/index.php\/wp-json\/wp\/v2\/posts\/2235"}],"collection":[{"href":"https:\/\/comunicadas.com.ar\/index.php\/wp-json\/wp\/v2\/posts"}],"about":[{"href":"https:\/\/comunicadas.com.ar\/index.php\/wp-json\/wp\/v2\/types\/post"}],"author":[{"embeddable":true,"href":"https:\/\/comunicadas.com.ar\/index.php\/wp-json\/wp\/v2\/users\/1"}],"replies":[{"embeddable":true,"href":"https:\/\/comunicadas.com.ar\/index.php\/wp-json\/wp\/v2\/comments?post=2235"}],"version-history":[{"count":0,"href":"https:\/\/comunicadas.com.ar\/index.php\/wp-json\/wp\/v2\/posts\/2235\/revisions"}],"wp:featuredmedia":[{"embeddable":true,"href":"https:\/\/comunicadas.com.ar\/index.php\/wp-json\/"}],"wp:attachment":[{"href":"https:\/\/comunicadas.com.ar\/index.php\/wp-json\/wp\/v2\/media?parent=2235"}],"wp:term":[{"taxonomy":"category","embeddable":true,"href":"https:\/\/comunicadas.com.ar\/index.php\/wp-json\/wp\/v2\/categories?post=2235"},{"taxonomy":"post_tag","embeddable":true,"href":"https:\/\/comunicadas.com.ar\/index.php\/wp-json\/wp\/v2\/tags?post=2235"}],"curies":[{"name":"wp","href":"https:\/\/api.w.org\/{rel}","templated":true}]}}