{"id":2208,"date":"2019-02-12T15:51:44","date_gmt":"2019-02-12T18:51:44","guid":{"rendered":"http:\/\/comunicadas.com.ar\/?p=2208"},"modified":"2019-02-12T15:51:44","modified_gmt":"2019-02-12T18:51:44","slug":"detienen-al-posible-femicida-de-nadia-ferraresi","status":"publish","type":"post","link":"https:\/\/comunicadas.com.ar\/index.php\/2019\/02\/12\/detienen-al-posible-femicida-de-nadia-ferraresi\/","title":{"rendered":"Detienen al posible femicida de Nadia Ferraresi"},"content":{"rendered":"\n<p style=\"color:#5200a3;\" class=\"has-text-color has-background has-pale-pink-background-color\"><strong>Omar Leandro D\u00edaz fue detenido en La Plata<\/strong>, al parecer, tiene antecedentes penales. <br><\/p>\n\n\n\n<p style=\"text-align:center;\"><strong>Omar Leandro D\u00edaz<\/strong>, el sospechoso de&nbsp;ser el femicida de Nadia Ferraresi  fue detenido ayer por la noche en la Plaza Moreno de La Plata, a pocos metros del edificio de la Municipalidad, mientras efectivos de la Polic\u00eda de la Provincia de Buenos Aires rastreaban en terminales de trenes y comisar\u00edas. Nadia <strong>fue apu\u00f1alada en el abdomen<\/strong>&nbsp;en Ensenada ayer por la ma\u00f1ana.<\/p>\n\n\n\n<ul class=\"wp-block-gallery aligncenter columns-1 is-cropped wp-block-gallery-2 is-layout-flex wp-block-gallery-is-layout-flex\"><li class=\"blocks-gallery-item\"><figure><img decoding=\"async\" src=\"https:\/\/comunicadasdotorg.files.wordpress.com\/2019\/02\/nadia-ferraresi-1.jpg\" data-id=\"2210\" class=\"wp-image-2210\" \/><\/figure><\/li><\/ul>\n\n\n\n<p style=\"text-align:center;\">Seg\u00fan la polic\u00eda,  D\u00edaz  era imputado por el <strong>delito de violaci\u00f3n de domicilio&nbsp;por&nbsp;una&nbsp;causa&nbsp;anterior<\/strong>,&nbsp;y&nbsp;adem\u00e1s,&nbsp;indic\u00f3&nbsp;que&nbsp;podr\u00eda padecer de un tipo de&nbsp;\"esquizofrenia\"&nbsp;o&nbsp;\"demencia\".<\/p>\n\n\n\n<p style=\"text-align:center;\">En estos momentos, D\u00edaz est\u00e1 a disposici\u00f3n de la UFI N\u00b017 para responder por el femicidio de Nadia. <\/p>\n\n\n\n<p><br><\/p>\n\n\n\n<p><\/p>\n","protected":false},"excerpt":{"rendered":"<p>Omar Leandro D\u00edaz fue detenido en La Plata, al parecer, tiene antecedentes penales. Omar Leandro D\u00edaz, el sospechoso de&nbsp;ser el femicida de Nadia Ferraresi fue detenido ayer por la noche en la Plaza Moreno de La Plata, a pocos metros del edificio de la Municipalidad, mientras efectivos de la Polic\u00eda de la Provincia de Buenos [&hellip;]<\/p>\n","protected":false},"author":1,"featured_media":2209,"comment_status":"open","ping_status":"open","sticky":false,"template":"","format":"standard","meta":{"inline_featured_image":false,"_monsterinsights_skip_tracking":false,"_monsterinsights_sitenote_active":false,"_monsterinsights_sitenote_note":"","_monsterinsights_sitenote_category":0,"lzb_camalote_bajada":"","lzb_camalote_fotogalerias_repeater":"","lzb_camalote_fotogalerias_desc":"","lzb_camalote_fotogalerias_autorxs":"%5B%5D","lzb_camalote_post_imagen_destacada":"","lzb_camalote_post_imagen_destacada_fotografx":"","lzb_camalote_post_imagen_destacada_fotografx_url":"","_jetpack_memberships_contains_paid_content":false,"footnotes":""},"categories":[1],"tags":[],"class_list":["post-2208","post","type-post","status-publish","format-standard","has-post-thumbnail","hentry","category-sin-categoria"],"aioseo_notices":[],"jetpack_featured_media_url":"","jetpack_sharing_enabled":true,"jetpack_likes_enabled":true,"_links":{"self":[{"href":"https:\/\/comunicadas.com.ar\/index.php\/wp-json\/wp\/v2\/posts\/2208"}],"collection":[{"href":"https:\/\/comunicadas.com.ar\/index.php\/wp-json\/wp\/v2\/posts"}],"about":[{"href":"https:\/\/comunicadas.com.ar\/index.php\/wp-json\/wp\/v2\/types\/post"}],"author":[{"embeddable":true,"href":"https:\/\/comunicadas.com.ar\/index.php\/wp-json\/wp\/v2\/users\/1"}],"replies":[{"embeddable":true,"href":"https:\/\/comunicadas.com.ar\/index.php\/wp-json\/wp\/v2\/comments?post=2208"}],"version-history":[{"count":0,"href":"https:\/\/comunicadas.com.ar\/index.php\/wp-json\/wp\/v2\/posts\/2208\/revisions"}],"wp:featuredmedia":[{"embeddable":true,"href":"https:\/\/comunicadas.com.ar\/index.php\/wp-json\/"}],"wp:attachment":[{"href":"https:\/\/comunicadas.com.ar\/index.php\/wp-json\/wp\/v2\/media?parent=2208"}],"wp:term":[{"taxonomy":"category","embeddable":true,"href":"https:\/\/comunicadas.com.ar\/index.php\/wp-json\/wp\/v2\/categories?post=2208"},{"taxonomy":"post_tag","embeddable":true,"href":"https:\/\/comunicadas.com.ar\/index.php\/wp-json\/wp\/v2\/tags?post=2208"}],"curies":[{"name":"wp","href":"https:\/\/api.w.org\/{rel}","templated":true}]}}