{"id":2199,"date":"2019-02-11T11:12:46","date_gmt":"2019-02-11T14:12:46","guid":{"rendered":"http:\/\/comunicadas.com.ar\/?p=2199"},"modified":"2019-02-11T11:12:46","modified_gmt":"2019-02-11T14:12:46","slug":"paris-un-free-bleeding-para-denunciar-los-costos-de-las-toallitas-higienicas","status":"publish","type":"post","link":"https:\/\/comunicadas.com.ar\/index.php\/2019\/02\/11\/paris-un-free-bleeding-para-denunciar-los-costos-de-las-toallitas-higienicas\/","title":{"rendered":"Par\u00eds: un 'Free bleeding' para denunciar los costos de las toallitas higi\u00e9nicas"},"content":{"rendered":"<p style=\"text-align:justify;\">Un joven artista francesa llamada Irene, decidi\u00f3 mostrar su <strong>sangre menstrual<\/strong> en las calles de Par\u00eds para denunciar\u00a0que <strong>el Estado se haga cargo del costo de \"nuestra protecci\u00f3n peri\u00f3dica\".<\/strong><\/p>\n<p><img loading=\"lazy\" decoding=\"async\" class=\"editor-featured-image__preview-image aligncenter\" src=\"https:\/\/comunicadasdotorg.files.wordpress.com\/2019\/02\/free-blending-1.jpg?w=450\" width=\"415\" height=\"235\" \/><\/p>\n<p>&nbsp;<\/p>\n<p class=\"article-body-paragraph air-3\" style=\"text-align:justify;\">Seg\u00fan el portal <em>A24.com<\/em>, en F<strong>rancia,<\/strong> una joven artista despert\u00f3 cierta \"pol\u00e9mica\" al mostrar im\u00e1genes de c\u00f3mo dej\u00f3 correr su sangre menstrual en las calles de Par\u00eds para denunciar los costos que una asume en protecci\u00f3n peri\u00f3dica, dijo: <em>\"Cuando le pedimos al Estado que se haga cargo del costo de nuestra protecci\u00f3n peri\u00f3dica, nos damos cuenta que muchas personas est\u00e1n en contra de esta idea. No quieren pagar impuestos por eso porque no se sienten preocupados. La idea era decir: \"Mir\u00e1 lo que pasar\u00e1 si decido no ponerlos y decime si el espacio p\u00fablico te preocupa o no. Quer\u00eda mostrar que las consecuencias involucran a todos\".<\/em><\/p>\n<p style=\"text-align:justify;\">Hace unos d\u00edas desde <strong>Comunicadas<\/strong>, lanzamos la campa\u00f1a <a href=\"https:\/\/comunicadas.org\/2019\/02\/06\/gestion-menstrual-para-todes\/\">Gesti\u00f3n menstrual para todes<\/a>, para que todes las personas menstruantes tengamos noci\u00f3n de los costos econ\u00f3micos que asumimos con algo natural que nos sucede en el cuerpo, por eso exigimos que el Estado y las empresas que recaudan con nuestra menstruaci\u00f3n se hagan cargo con entrega gratuita de productos.<\/p>\n<p>&nbsp;<\/p>\n<p><img decoding=\"async\" class=\"editor-featured-image__preview-image aligncenter\" src=\"https:\/\/comunicadasdotorg.files.wordpress.com\/2019\/02\/gestic3b3n-menstrual-para-todes-e1549490846314-1.jpg?w=450\" \/><\/p>\n<p>&nbsp;<\/p>\n","protected":false},"excerpt":{"rendered":"<p>Un joven artista francesa llamada Irene, decidi\u00f3 mostrar su sangre menstrual en las calles de Par\u00eds para denunciar\u00a0que el Estado se haga cargo del costo de \"nuestra protecci\u00f3n peri\u00f3dica\". &nbsp; Seg\u00fan el portal A24.com, en Francia, una joven artista despert\u00f3 cierta \"pol\u00e9mica\" al mostrar im\u00e1genes de c\u00f3mo dej\u00f3 correr su sangre menstrual en las calles [&hellip;]<\/p>\n","protected":false},"author":1,"featured_media":2202,"comment_status":"open","ping_status":"open","sticky":false,"template":"","format":"standard","meta":{"inline_featured_image":false,"_monsterinsights_skip_tracking":false,"_monsterinsights_sitenote_active":false,"_monsterinsights_sitenote_note":"","_monsterinsights_sitenote_category":0,"lzb_camalote_bajada":"","lzb_camalote_fotogalerias_repeater":"","lzb_camalote_fotogalerias_desc":"","lzb_camalote_fotogalerias_autorxs":"%5B%5D","lzb_camalote_post_imagen_destacada":"","lzb_camalote_post_imagen_destacada_fotografx":"","lzb_camalote_post_imagen_destacada_fotografx_url":"","_jetpack_memberships_contains_paid_content":false,"footnotes":""},"categories":[10,17,19,1],"tags":[],"class_list":["post-2199","post","type-post","status-publish","format-standard","has-post-thumbnail","hentry","category-gestion-menstrual","category-mujeres-empoderadas","category-noticias","category-sin-categoria"],"aioseo_notices":[],"jetpack_featured_media_url":"https:\/\/comunicadas.com.ar\/wp-content\/uploads\/2019\/02\/free-blending-1-1-1.jpg","jetpack_sharing_enabled":true,"jetpack_likes_enabled":true,"_links":{"self":[{"href":"https:\/\/comunicadas.com.ar\/index.php\/wp-json\/wp\/v2\/posts\/2199"}],"collection":[{"href":"https:\/\/comunicadas.com.ar\/index.php\/wp-json\/wp\/v2\/posts"}],"about":[{"href":"https:\/\/comunicadas.com.ar\/index.php\/wp-json\/wp\/v2\/types\/post"}],"author":[{"embeddable":true,"href":"https:\/\/comunicadas.com.ar\/index.php\/wp-json\/wp\/v2\/users\/1"}],"replies":[{"embeddable":true,"href":"https:\/\/comunicadas.com.ar\/index.php\/wp-json\/wp\/v2\/comments?post=2199"}],"version-history":[{"count":0,"href":"https:\/\/comunicadas.com.ar\/index.php\/wp-json\/wp\/v2\/posts\/2199\/revisions"}],"wp:featuredmedia":[{"embeddable":true,"href":"https:\/\/comunicadas.com.ar\/index.php\/wp-json\/wp\/v2\/media\/2202"}],"wp:attachment":[{"href":"https:\/\/comunicadas.com.ar\/index.php\/wp-json\/wp\/v2\/media?parent=2199"}],"wp:term":[{"taxonomy":"category","embeddable":true,"href":"https:\/\/comunicadas.com.ar\/index.php\/wp-json\/wp\/v2\/categories?post=2199"},{"taxonomy":"post_tag","embeddable":true,"href":"https:\/\/comunicadas.com.ar\/index.php\/wp-json\/wp\/v2\/tags?post=2199"}],"curies":[{"name":"wp","href":"https:\/\/api.w.org\/{rel}","templated":true}]}}