{"id":2089,"date":"2019-02-01T20:07:11","date_gmt":"2019-02-01T23:07:11","guid":{"rendered":"http:\/\/comunicadas.com.ar\/?p=2089"},"modified":"2019-02-01T20:07:11","modified_gmt":"2019-02-01T23:07:11","slug":"se-registraron-27-femicidios-durante-el-mes-de-enero","status":"publish","type":"post","link":"https:\/\/comunicadas.com.ar\/index.php\/2019\/02\/01\/se-registraron-27-femicidios-durante-el-mes-de-enero\/","title":{"rendered":"Se registraron 27 femicidios durante el mes de enero"},"content":{"rendered":"<p>27 femicidios en un mes, cifras no oficiales. Para el Estado no somos ni un n\u00famero.\u00a0<a class=\"_58cn\" href=\"https:\/\/www.facebook.com\/hashtag\/parendematarnos?epa=HASHTAG\">#ParenDeMatarnos<\/a><a class=\"_58cn\" href=\"https:\/\/www.facebook.com\/hashtag\/niunamenos?epa=HASHTAG\">#NiUnaMenos<\/a><\/p>\n<p>&nbsp;<\/p>\n<p style=\"text-align:justify;\"><strong>1- Celeste Castillo<\/strong><\/p>\n<p style=\"text-align:justify;\"><img decoding=\"async\" src=\"https:\/\/cdn.tn.com.ar\/sites\/default\/files\/styles\/1366x765\/public\/2019\/01\/02\/montenegro_y_celeste.jpg\" alt=\"Celeste Castillo y su asesino\" \/><\/p>\n<p style=\"text-align:justify;\"><strong><a href=\"http:\/\/comunicadas.com.ar\/2019\/01\/02\/santiago-del-estero-el-primer-femicidio-del-ano\/\">Celeste Castillo<\/a><\/strong>\u00a0fue asesinada por su pareja,\u00a0 un polic\u00eda de 28 a\u00f1os en\u00a0<strong>Santiago del Estero. H\u00e9ctor Montenegro<\/strong>\u00a0volvi\u00f3 a su casa el primero de enero despu\u00e9s de haber cumplido servicio, seg\u00fan\u00a0 testimonios de vecinos, volvi\u00f3 borracho. La mat\u00f3 de un disparo con su arma reglamentaria y luego se suicid\u00f3.<\/p>\n<p style=\"text-align:justify;\"><strong>2- Sin identificar<\/strong><\/p>\n<p style=\"text-align:justify;\">Una mujer fue encontrada asesinada en Barracas, Ciudad de Buenos Aires.<\/p>\n<p style=\"text-align:justify;\"><strong>3- Valeria Ju\u00e1rez<\/strong><\/p>\n<p style=\"text-align:justify;\"><strong><a href=\"http:\/\/comunicadas.com.ar\/2019\/01\/04\/chaco-un-hombre-asesino-a-su-hija-y-luego-se-suicido\/\">Valeria Silvina Su\u00e1rez<\/a><\/strong>\u00a0fue asesinada de un disparo en el Barrio Gin\u00e9s Ben\u00edtez de S\u00e1enz Pe\u00f1a,\u00a0<strong>Chaco<\/strong>\u00a0por su padre,\u00a0<strong>El\u00edas Juarez de 63 a\u00f1os.\u00a0<\/strong>Ocurri\u00f3 el 4 de enero. El hombre luego de asesinarla, se suicid\u00f3.<\/p>\n<p style=\"text-align:justify;\"><strong>4- Silvia Ricci<\/strong><\/p>\n<p style=\"text-align:justify;\"><img decoding=\"async\" src=\"https:\/\/cdn.tn.com.ar\/sites\/default\/files\/styles\/1366x765\/public\/2019\/01\/07\/silvia-ricci.jpg\" alt=\"DOLOR. Silvia Ricci con su hijo mayor, en una foto familiar (Imagen: Facebook).\" \/><\/p>\n<p style=\"text-align:justify;\">El 5 de enero\u00a0<strong>Silvina Ricci<\/strong>\u00a0(61), vecina de\u00a0<strong>La Plata<\/strong>,\u00a0 preparaba todo para irse de vacaciones junto a su marido. Cuando conversaba con una\u00a0 amiga en la vereda de su casa, su vecino,\u00a0<strong>Juan Jos\u00e9 Ojeda<\/strong>\u00a0(34)\u00a0 le dio seis pu\u00f1aladas, Ella muri\u00f3 en el garage de la casa.<\/p>\n<p style=\"text-align:justify;\"><strong>5- Dahiana Moyano<\/strong><\/p>\n<p style=\"text-align:justify;\"><img decoding=\"async\" src=\"https:\/\/cdn.eldoce.tv\/sites\/default\/files\/styles\/site_nota_slider_contenido\/public\/nota\/2019\/01\/07\/crimen-asesinato-daiana-moyano-barrio-ciudad-mi-esperanza-colectivo-urbano-recorrido.jpg?itok=Qfh4kjX-\" alt=\" crimen-asesinato-daiana-moyano-barrio-ciudad-mi-esperanza-colectivo-urbano-recorrido\" \/><\/p>\n<p style=\"text-align:justify;\">En la provincia de\u00a0<strong>C\u00f3rdoba<\/strong>\u00a0el 6 de enero por la noche\u00a0<a href=\"http:\/\/comunicadas.com.ar\/2019\/01\/14\/paren-de-matarnos-el-asesinato-de-agustina-imvinkelried-representa-el-femicidio-numero-6-en-lo-que-va-del-2019\/\"><strong>Daiana Moyano<\/strong><\/a>\u00a0volv\u00eda a su casa de trabajar en colectivo.\u00a0 Este cambi\u00f3 el recorrido y ella le avis\u00f3 a su mam\u00e1. Arriba del colectivo se encontraba una ex pareja que est\u00e1 detenido. El cuerpo de Daiana fue encontrada d\u00edas despu\u00e9s en un descampado.<\/p>\n<p style=\"text-align:justify;\"><strong>6- Joselin Mamani<\/strong><\/p>\n<p style=\"text-align:justify;\">En Almirante Brown, el\u00a0<strong>7 de enero Saira Mamani<\/strong>\u00a0fue a hacer unos tr\u00e1mites al banco y dej\u00f3 en su casa a la hija de\u00a0<strong>diez a\u00f1os.<\/strong>\u00a0Al regresar la encontr\u00f3 asesinada. La hab\u00edan matado de 32 pu\u00f1aladas. \u00a0Recibi\u00f3 17 pu\u00f1aladas en el rostro y otras 15 en la espalda con un cuchillo. Los sospechosos del crimen son la ex pareja de Saira,\u00a0<strong>Carlos Correa y su hijo, Rub\u00e9n Correa.\u00a0<\/strong><\/p>\n<p style=\"text-align:justify;\"><strong>7- Gisela Romina Varela<\/strong><\/p>\n<p style=\"text-align:justify;\"><img decoding=\"async\" src=\"https:\/\/comunicadasdotorg.files.wordpress.com\/2019\/01\/gisel.png?w=621\" \/><\/p>\n<p style=\"text-align:justify;\"><a href=\"http:\/\/comunicadas.com.ar\/2019\/01\/09\/mar-del-plata-los-mensajes-de-la-mujer-policia-antes-de-ser-asesinada\/\"><strong>Gisela<\/strong>\u00a0<\/a>viv\u00eda en\u00a0<strong>Mar del Plata,<\/strong>era polic\u00eda y ten\u00eda una orden de restricci\u00f3n contra su ex pareja,\u00a0<strong>Alejandro Cejas<\/strong>.\u00a0El 8 de enero ella esperaba el colectivo para ir a trabajar, \u00e9l le sac\u00f3 su arma reglamentaria y la mat\u00f3 en\u00a0 la calle. Gisel muri\u00f3 con la orden en su cartera.<\/p>\n<p style=\"text-align:justify;\"><strong>8- Liliana Loyola<\/strong><\/p>\n<p style=\"text-align:justify;\"><img decoding=\"async\" src=\"https:\/\/www.diariodecuyo.com.ar\/export\/sites\/diariodecuyo\/img\/2019\/01\/09\/ddc100119-010f01.jpg_1116187820.jpg\" \/><\/p>\n<p style=\"text-align:justify;\">Tras permanecer 41 d\u00edas internada a causa de las graves quemaduras que sufri\u00f3 en su cuerpo, finalmente muri\u00f3 el 9 de enero,\u00a0<strong>Liliana Loyola<\/strong>\u00a0(64), el femicida fue su propio hijo\u00a0<strong>Juan Eduardo Echegaray<\/strong>(27). El episodio que termin\u00f3 cost\u00e1ndole la vida a Loyola ocurri\u00f3 entre las 20 y las 21 del pasado 29 de noviembre en la provincia de<strong>\u00a0San Juan<\/strong>.<\/p>\n<p style=\"text-align:justify;\"><strong>9- Susana Yass<\/strong><\/p>\n<p style=\"text-align:justify;\">El 12 de enero Susana Yass de 77 a\u00f1os\u00a0<strong>fue asesinada a golpes en su casa de Mar del Plata.\u00a0<\/strong>La mataron con un objeto filoso\u00a0 que le provoc\u00f3 m\u00faltiples heridas en la cabeza, algunas de ellas similar a las producidas por un disparo. La investigaci\u00f3n apunta al c\u00edrculo familiar. Su marido se encontraba en el lugar pero padece Alzheimer por lo que no pudo aportar muchos datos.<strong>\u00a0Investigaban al hijo de la pareja qui\u00e9n tuvo una orden de restricci\u00f3n que le imped\u00eda acercarse a la pareja.\u00a0<\/strong><\/p>\n<p style=\"text-align:justify;\"><strong>10- Agustina Imvinkelried<\/strong><\/p>\n<p style=\"text-align:justify;\"><img decoding=\"async\" src=\"https:\/\/elsol-compress-release.s3-accelerate.amazonaws.com\/images\/large\/1547474080069Agustina%20Imvinkelried.jpg\" alt=\"Resultado de imagen para Agustina Imvinkelried\" \/><\/p>\n<p style=\"text-align:justify;\"><strong><a href=\"http:\/\/comunicadas.com.ar\/2019\/01\/14\/paren-de-matarnos-el-asesinato-de-agustina-imvinkelried-representa-el-femicidio-numero-6-en-lo-que-va-del-2019\/\">Agustina Imvinkelried<\/a><\/strong>, de\u00a0<strong>17 a\u00f1os<\/strong>, fue asesinada el 13 de enero, su cuerpo fue encontrado en un descampado en Esperanza, Santa Fe.\u00a0El hombre se\u00f1alado como responsable del femicidio,\u00a0<strong>Pablo Trionfini (39)<\/strong>, se\u00a0<strong>suicid\u00f3<\/strong><\/p>\n<p style=\"text-align:justify;\"><strong>11- Danisa Canalle<\/strong><\/p>\n<p style=\"text-align:justify;\"><img decoding=\"async\" src=\"https:\/\/media.diariopopular.com.ar\/adjuntos\/143\/imagenes\/005\/656\/0005656295.jpg\" alt=\"Se conoci\u00c3\u00b3 la autopsia de la mujer asesinada en G\u00c3\u00a1lvez\" \/><\/p>\n<p style=\"text-align:justify;\">El 15 de enero\u00a0<strong><a href=\"http:\/\/comunicadas.com.ar\/2019\/01\/15\/galvez-la-mato-a-martillazos\/\">Danisa Canale<\/a>\u00a0(38 a\u00f1os)<\/strong>. fue asesinada por su marido,\u00a0<strong>Jorge Trossero,\u00a0<\/strong>en la ciudad de\u00a0<strong>G\u00e1lvez,\u00a0<\/strong>provincia de\u00a0<strong>Santa Fe<\/strong>. El hombre la mat\u00f3 a martillazos, seg\u00fan las pericias le habr\u00eda dado por lo menos 15 martillazos.<\/p>\n<p style=\"text-align:justify;\"><strong>12- No identificada<\/strong><\/p>\n<p style=\"text-align:justify;\">El 15 de enero encontraron el cuerpo de una mujer calcinado en un basural de <strong>Guaymall\u00e9n, Mendoza<\/strong>. No se difundi\u00f3 su identidad.<\/p>\n<p style=\"text-align:justify;\"><strong>13- Romina Ugarte\u00a0<\/strong><\/p>\n<p style=\"text-align:justify;\"><img decoding=\"async\" src=\"https:\/\/comunicadasdotorg.files.wordpress.com\/2019\/01\/un-efectivo-policial-mato-a-su-novia-tambien-policia-19019.jpg?w=768\" \/><\/p>\n<p style=\"text-align:justify;\">El 16 de enero en el barrio\u00a0<strong>Libertad<\/strong>\u00a0de la ciudad de\u00a0<strong>Ca\u00f1uelas<\/strong>\u00a0fue asesinada\u00a0<a href=\"http:\/\/comunicadas.com.ar\/2019\/01\/16\/canuelas-la-mato-con-su-arma-reglamentaria\/\"><strong>Romina Ugarte<\/strong><\/a>\u00a0(26 a\u00f1os). La mat\u00f3 su pareja,\u00a0<strong>Nicolas Ag\u00fcero<\/strong>\u00a0(27 a\u00f1os) tambi\u00e9n polic\u00eda bonaerense con su arma reglamentaria.<\/p>\n<p style=\"text-align:justify;\"><strong>14- Carla Soggiu<\/strong><\/p>\n<p style=\"text-align:justify;\"><img decoding=\"async\" src=\"https:\/\/comunicadasdotorg.files.wordpress.com\/2019\/01\/carla.jpg?w=768\" \/><\/p>\n<p style=\"text-align:justify;\"><strong><a href=\"http:\/\/comunicadas.com.ar\/2019\/01\/19\/era-carla\/\">Carla Soggiu<\/a>,<\/strong>\u00a0una mujer de\u00a0<strong>28 a\u00f1os,\u00a0<\/strong>desapareci\u00f3, tras salir de su lugar de trabajo. Activ\u00f3 dos veces el bot\u00f3n anti p\u00e1nico que ten\u00eda luego de denunciar a su ex pareja. La encontraron muerta en el Riachuelo.<\/p>\n<p style=\"text-align:justify;\"><strong>15- Silvia Pereyra (61)<\/strong><\/p>\n<p style=\"text-align:justify;\"><img decoding=\"async\" src=\"https:\/\/media.minutouno.com\/adjuntos\/150\/imagenes\/036\/016\/0036016418.jpg\" alt=\"Resultado de imagen para silvia pereyra chacabuco\" \/><\/p>\n<p style=\"text-align:justify;\">Era peluquera, fue asesinada de al menos 14 pu\u00f1aladas en su casa de <strong>Chacabuco<\/strong>. Sucedi\u00f3 el 19 de enero y por el crimen hay <strong>dos detenidos<\/strong>.<\/p>\n<p style=\"text-align:justify;\"><strong>16- Liliana Olgu\u00edn (49)<\/strong><\/p>\n<p style=\"text-align:justify;\"><img loading=\"lazy\" decoding=\"async\" class=\"alignnone size-full wp-image-2120\" src=\"https:\/\/comunicadasdotorg.files.wordpress.com\/2019\/01\/liliana.png\" alt=\"liliana.PNG\" width=\"744\" height=\"450\" \/><\/p>\n<p style=\"text-align:justify;\"><a href=\"http:\/\/comunicadas.com.ar\/2019\/01\/21\/mendoza-la-mato-a-punaladas\/\">Liliana <\/a>ten\u00eda seis hijos. Estaba separada del agresor, pero viv\u00edan juntos en Las Heras, Mendoza. En la madrugada del 20 de enero discutieron y \u00e9l la mat\u00f3 a pu\u00f1aladas. El hombre escap\u00f3, pero luego fue detenido.<\/p>\n<p style=\"text-align:justify;\"><strong>17- Ramona Romero (22)<\/strong><\/p>\n<p style=\"text-align:justify;\">Su ex pareja la <a href=\"http:\/\/comunicadas.com.ar\/2019\/01\/21\/corrientes-la-mato-a-punaladas\/\">asesin\u00f3 <\/a>a pu\u00f1aladas y luego se suicid\u00f3 con el mismo cuchillo. Pas\u00f3 el 20 de enero en la localidad correntina de San Miguel.<\/p>\n<p style=\"text-align:justify;\"><strong>18- Sandra Bord\u00f3n (35)<\/strong><\/p>\n<p style=\"text-align:justify;\">A <a href=\"http:\/\/comunicadas.com.ar\/2019\/01\/21\/corrientes-la-mato-a-mazasos\/\">Sandra Bor\u00f3n<\/a> la mat\u00f3 su novio a mazasos en la cabeza. Su cuerpo fue encontrado el 21 de enero en una casa de la localidad de Goya, Corrientes.<\/p>\n<p style=\"text-align:justify;\"><strong>19- Mariana Del Arco (32)\u00a0<\/strong><\/p>\n<p style=\"text-align:justify;\"><img decoding=\"async\" src=\"https:\/\/cdn.tn.com.ar\/sites\/default\/files\/styles\/embed_image\/public\/2019\/01\/23\/5c484bf237cf8_mariana-del-arco-pinamar.jpg\" alt=\"V\u00c3\u008dCTIMA. Mariana ten\u00c3\u00ada 32 a\u00c3\u00b1os y era oficial de polic\u00c3\u00ada en Pinamar. Ten\u00c3\u00ada un hijo.\" \/><\/p>\n<p style=\"text-align:justify;\"><a href=\"http:\/\/comunicadas.com.ar\/2019\/01\/22\/femicidio-en-nueva-atlantis-policia-asesino-a-su-ex-pareja-y-se-suicido\/\">Mariana Del Arco<\/a> era polic\u00eda, su ex pareja <strong>Ariel Acosta<\/strong>, tambi\u00e9n polic\u00eda, la asesin\u00f3 el 22 de enero de seis disparos y se suicid\u00f3. Mariana Del Arco y Omar Ariel Acosta, eran oficiales de polic\u00eda en el Partido de la Costa,\u00a0<strong>se hab\u00edan separado hace poco tiempo.<\/strong>\u00a0Ese martes cerca del mediod\u00eda, \u00e9l la sorprendi\u00f3 en la casa que la mujer hab\u00eda alquilado temporalmente sobre la calle Zapiola al 110 en <strong>Nueva Atlantis.<\/strong><\/p>\n<p style=\"text-align:justify;\"><strong>20- Angelina C\u00e1ceres (13)<\/strong><\/p>\n<p style=\"text-align:justify;\"><img decoding=\"async\" src=\"https:\/\/comunicadasdotorg.files.wordpress.com\/2019\/01\/27122018121045.jpg-652x419.jpg?w=500\" \/><\/p>\n<p style=\"text-align:justify;\"><a href=\"http:\/\/comunicadas.com.ar\/2019\/01\/25\/chaco-encontraron-asesinada-a-angelina-caceres-la-nena-de-13-anos-desaparecida-desde-el-23-de-diciembre\/\">Angelina\u00a0\u00a0<\/a>desapareci\u00f3 el 23 de diciembre. La encontraron en un descampado asesinada m\u00e1s de un mes despu\u00e9s el 25 de enero.\u00a0 El 15 de enero fue detenido\u00a0<strong>Jorge Peralta de 21 a\u00f1os<\/strong>, al que se lleg\u00f3 por los chats que la menor ten\u00eda con \u00e9l en el\u00a0<strong>Facebook<\/strong>. La mat\u00f3 ahorcandola.<\/p>\n<p style=\"text-align:justify;\">21- Pyhiria Saroussy (63)<\/p>\n<p style=\"text-align:justify;\"><img decoding=\"async\" src=\"https:\/\/images.clarin.com\/2019\/01\/26\/nnf4D4G86_930x525__1.jpg\" \/><\/p>\n<p style=\"text-align:justify;\">Viaj\u00f3 de vacaciones junto a su hermana para visitar a su hijo<strong> Nicol\u00e1s Gil Pereg.<\/strong> El hijo la mat\u00f3 a golpes y la enterr\u00f3 junto a su hermana<strong> Lily Pereg<\/strong> en una obra en construcci\u00f3n dentro del terreno donde viv\u00eda, en la ciudad de Mendoza. Sus cuerpos fueron encontrados el 26 de enero. El hombre las hab\u00eda atravesado con hierros luego de asesinarlas para despu\u00e9s enterrarlas.<\/p>\n<p style=\"text-align:justify;\"><strong>22- Lily Pereg (54)\u00a0<\/strong><\/p>\n<p style=\"text-align:justify;\">Fue asesinada a <strong>balazos<\/strong> por su sobrino. <strong>Recibi\u00f3 tres tiro<\/strong>s. El s\u00e1bado 12 de enero las mujeres llegaron a ese domicilio junto a Gil Pereg. Distintas c\u00e1maras de seguridad confirmaron ese hecho, pero ninguna registr\u00f3 su salida de la propiedad, como hab\u00eda declarado el imputado.<\/p>\n<p style=\"text-align:justify;\"><strong>23- Silvia Del Valle Moreno (40)<\/strong><\/p>\n<p style=\"text-align:justify;\">Tafi Tucum\u00e1n<\/p>\n<p style=\"text-align:justify;\"><strong>24- Gissella Sol\u00eds Calles (47 a\u00f1os)<\/strong><\/p>\n<p style=\"text-align:justify;\"><img decoding=\"async\" src=\"https:\/\/comunicadasdotorg.files.wordpress.com\/2019\/01\/gisella-solis-calle-770-2-1.jpg?w=750\" \/><\/p>\n<p style=\"text-align:justify;\">El martes 15 fue la \u00faltima vez que vieron a\u00a0<strong><a href=\"http:\/\/comunicadas.com.ar\/2019\/01\/29\/se-confirmo-que-el-cuerpo-de-la-mujer-asesinada-en-villa-elisa-es-gissella-solis-calles\/\">Gissella Sol\u00eds Calles<\/a><\/strong>. Seg\u00fan declararon familiares, la odont\u00f3loga protagoniz\u00f3 una\u00a0<em>\u201cfuerte discusi\u00f3n\u201d<\/em>\u00a0con su pareja,\u00a0<strong>Abel Casimiro Campos. Abel Casimiro Campos\u00a0se suicid\u00f3 y el cuerpo de Gissella fue encontrado el 29 de enero en un descampado en Villa Elisa.\u00a0<\/strong><\/p>\n<p style=\"text-align:justify;\"><strong>25- Valeria Coppa (40)<\/strong><\/p>\n<p style=\"text-align:justify;\"><img decoding=\"async\" src=\"https:\/\/pbs.twimg.com\/media\/DyKagRFWkAEZS_c.jpg\" \/><\/p>\n<p style=\"text-align:justify;\">En la puerta de la\u00a0<strong>Catedral de Bariloche<\/strong>,\u00a0<strong>Mariano Cordi<\/strong>\u00a0mat\u00f3 a su expareja de un tiro en la cabeza.\u00a0<strong><a href=\"http:\/\/comunicadas.com.ar\/2019\/01\/30\/femicidio-frente-a-la-catedral-de-bariloche\/\">Valeria Coppa<\/a><\/strong>\u00a0iba con su bicicleta alrededor de las 16 horas, pasando por la Catedral cuando fue herida de un disparo. Fue trasladada al hospital Ram\u00f3n Carrillo donde muri\u00f3 horas m\u00e1s tarde.. El hombre est\u00e1 pr\u00f3fugo.<\/p>\n<p style=\"text-align:justify;\"><strong>26- Juana Carolina Br\u00edtez Rojas (34)<\/strong><\/p>\n<p style=\"text-align:justify;\"><img decoding=\"async\" src=\"https:\/\/comunicadasdotorg.files.wordpress.com\/2019\/01\/1548946540374.jpg?w=600&amp;h=600&amp;crop=1\" \/><\/p>\n<p style=\"text-align:justify;\"><strong>\u00a0Juana Carolina Br\u00edtez Rojas<\/strong> ten\u00eda 34 a\u00f1os y estaba <strong>embarazada de cinco meses<\/strong>, cuando su\u00a0 pareja <strong>Isidoro Brizuela<\/strong> (26) la roci\u00f3 con nafta y la prendi\u00f3 fuego.\u00a0 <strong>Falleci\u00f3 el 30 de enero en el hospital Roque P\u00e9rez de la ciudad platense de Tolosa.\u00a0<\/strong><\/p>\n<p style=\"text-align:justify;\"><strong>27- Paula Carrizo (15)<\/strong><\/p>\n<p><img decoding=\"async\" src=\"https:\/\/comunicadasdotorg.files.wordpress.com\/2019\/01\/paula-gimenez-796704-194909.jpg?w=768\" \/><\/p>\n<p style=\"text-align:justify;\">Sali\u00f3 a pasear con su <a href=\"http:\/\/comunicadas.com.ar\/2019\/01\/31\/hallan-muerta-a-la-adolescente-perdida-en-aconquija-investigan-si-fue-un-femicidio\/\">primo <\/a>por Aconquija, Catamarca donde estaba vacacionando con su familia y nunca volvi\u00f3. La encontraron muerta en un barranco y su primo qued\u00f3 detenido.<\/p>\n","protected":false},"excerpt":{"rendered":"<p>27 femicidios en un mes, cifras no oficiales. Para el Estado no somos ni un n\u00famero.\u00a0#ParenDeMatarnos#NiUnaMenos &nbsp; 1- Celeste Castillo Celeste Castillo\u00a0fue asesinada por su pareja,\u00a0 un polic\u00eda de 28 a\u00f1os en\u00a0Santiago del Estero. H\u00e9ctor Montenegro\u00a0volvi\u00f3 a su casa el primero de enero despu\u00e9s de haber cumplido servicio, seg\u00fan\u00a0 testimonios de vecinos, volvi\u00f3 borracho. La [&hellip;]<\/p>\n","protected":false},"author":1,"featured_media":2138,"comment_status":"open","ping_status":"open","sticky":false,"template":"","format":"standard","meta":{"inline_featured_image":false,"_monsterinsights_skip_tracking":false,"_monsterinsights_sitenote_active":false,"_monsterinsights_sitenote_note":"","_monsterinsights_sitenote_category":0,"lzb_camalote_bajada":"","lzb_camalote_fotogalerias_repeater":"","lzb_camalote_fotogalerias_desc":"","lzb_camalote_fotogalerias_autorxs":"%5B%5D","lzb_camalote_post_imagen_destacada":"","lzb_camalote_post_imagen_destacada_fotografx":"","lzb_camalote_post_imagen_destacada_fotografx_url":"","_jetpack_memberships_contains_paid_content":false,"footnotes":""},"categories":[1],"tags":[],"class_list":["post-2089","post","type-post","status-publish","format-standard","has-post-thumbnail","hentry","category-sin-categoria"],"aioseo_notices":[],"jetpack_featured_media_url":"https:\/\/comunicadas.com.ar\/wp-content\/uploads\/2019\/02\/51053103_2136211836690382_7675227414036742144_n-1.jpg","jetpack_sharing_enabled":true,"jetpack_likes_enabled":true,"_links":{"self":[{"href":"https:\/\/comunicadas.com.ar\/index.php\/wp-json\/wp\/v2\/posts\/2089"}],"collection":[{"href":"https:\/\/comunicadas.com.ar\/index.php\/wp-json\/wp\/v2\/posts"}],"about":[{"href":"https:\/\/comunicadas.com.ar\/index.php\/wp-json\/wp\/v2\/types\/post"}],"author":[{"embeddable":true,"href":"https:\/\/comunicadas.com.ar\/index.php\/wp-json\/wp\/v2\/users\/1"}],"replies":[{"embeddable":true,"href":"https:\/\/comunicadas.com.ar\/index.php\/wp-json\/wp\/v2\/comments?post=2089"}],"version-history":[{"count":0,"href":"https:\/\/comunicadas.com.ar\/index.php\/wp-json\/wp\/v2\/posts\/2089\/revisions"}],"wp:featuredmedia":[{"embeddable":true,"href":"https:\/\/comunicadas.com.ar\/index.php\/wp-json\/wp\/v2\/media\/2138"}],"wp:attachment":[{"href":"https:\/\/comunicadas.com.ar\/index.php\/wp-json\/wp\/v2\/media?parent=2089"}],"wp:term":[{"taxonomy":"category","embeddable":true,"href":"https:\/\/comunicadas.com.ar\/index.php\/wp-json\/wp\/v2\/categories?post=2089"},{"taxonomy":"post_tag","embeddable":true,"href":"https:\/\/comunicadas.com.ar\/index.php\/wp-json\/wp\/v2\/tags?post=2089"}],"curies":[{"name":"wp","href":"https:\/\/api.w.org\/{rel}","templated":true}]}}