{"id":2077,"date":"2019-01-25T08:00:20","date_gmt":"2019-01-25T11:00:20","guid":{"rendered":"http:\/\/comunicadas.com.ar\/?p=2077"},"modified":"2019-01-25T08:00:20","modified_gmt":"2019-01-25T11:00:20","slug":"se-creara-un-registro-de-mujeres-aspirantes-a-choferes-de-colectivo","status":"publish","type":"post","link":"https:\/\/comunicadas.com.ar\/index.php\/2019\/01\/25\/se-creara-un-registro-de-mujeres-aspirantes-a-choferes-de-colectivo\/","title":{"rendered":"Se crear\u00e1 un registro de mujeres aspirantes a choferes de colectivo"},"content":{"rendered":"<p style=\"text-align:justify;\">Este jueves se inform\u00f3 oficialmente mediante la publicaci\u00f3n en el <strong><a href=\"https:\/\/drive.google.com\/file\/d\/1BC7y2kK0PzPBsQg2Gb-9IqZ5BvM8aVFA\/view\">Bolet\u00edn Oficial<\/a><\/strong>, la creaci\u00f3n de un registro de aspirantes <strong>mujeres para conducir colectivos<\/strong>. Las aspirantes se podr\u00e1n <strong>inscribir en la Secretar\u00eda de Trabajo<\/strong>\u00a0con el objetivo de <strong>\"asegurar la igualdad real de oportunidades\".<\/strong><\/p>\n<p style=\"text-align:justify;\">El registro, creado por la\u00a0resoluci\u00f3n 1\/2019\u00a0y publicado este\u00a0jueves en el Bolet\u00edn Oficial, fue abierto en cumplimiento de un fallo de la Sala II de la C\u00e1mara Nacional de Apelaciones del Trabajo, en el que tambi\u00e9n se ordena a tres empresas de\u00a0colectivos\u00a0que <strong>\"prioricen la contrataci\u00f3n de mujeres hasta que representen al menos el 30% del personal\".<\/strong><\/p>\n<div style=\"width: 390px\" class=\"wp-caption aligncenter\"><img loading=\"lazy\" decoding=\"async\" class=\"editor-featured-image__preview-image aligncenter\" src=\"https:\/\/comunicadasdotorg.files.wordpress.com\/2019\/01\/2823435w380.jpg?w=450\" width=\"380\" height=\"253\" \/><p class=\"wp-caption-text\">\u00c9rica Borda. PH: La Naci\u00f3n.com<\/p><\/div>\n<p style=\"text-align:justify;\">Durante 12 a\u00f1os, seg\u00fan <em>LaNaci\u00f3n.com,<\/em>\u00a0<strong><a class=\"link\" href=\"https:\/\/www.lanacion.com.ar\/2196994-la-chofer-de-colectivo-que-gano-la-batalla-por-la-paridad-de-genero\">\u00c9rica Borda, de 48 a\u00f1os<\/a>,<\/strong> manej\u00f3 un colectivo de la l\u00ednea 140. Pero en 2011 perdi\u00f3 su trabajo. Entonces, separada y a cargo de cuatro hijos, debi\u00f3 enfrentarse con la\u00a0desigualdad de g\u00e9nero\u00a0. \"No tomamos mujeres\", fue la respuesta que se cans\u00f3 de escuchar al ofrecerse como conductora en incontables l\u00edneas de colectivos de la Capital y el Gran Buenos Aires.<\/p>\n<p>&nbsp;<\/p>\n","protected":false},"excerpt":{"rendered":"<p>Este jueves se inform\u00f3 oficialmente mediante la publicaci\u00f3n en el Bolet\u00edn Oficial, la creaci\u00f3n de un registro de aspirantes mujeres para conducir colectivos. Las aspirantes se podr\u00e1n inscribir en la Secretar\u00eda de Trabajo\u00a0con el objetivo de \"asegurar la igualdad real de oportunidades\". El registro, creado por la\u00a0resoluci\u00f3n 1\/2019\u00a0y publicado este\u00a0jueves en el Bolet\u00edn Oficial, fue [&hellip;]<\/p>\n","protected":false},"author":1,"featured_media":2079,"comment_status":"open","ping_status":"open","sticky":false,"template":"","format":"standard","meta":{"inline_featured_image":false,"_monsterinsights_skip_tracking":false,"_monsterinsights_sitenote_active":false,"_monsterinsights_sitenote_note":"","_monsterinsights_sitenote_category":0,"lzb_camalote_bajada":"","lzb_camalote_fotogalerias_repeater":"","lzb_camalote_fotogalerias_desc":"","lzb_camalote_fotogalerias_autorxs":"%5B%5D","lzb_camalote_post_imagen_destacada":"","lzb_camalote_post_imagen_destacada_fotografx":"","lzb_camalote_post_imagen_destacada_fotografx_url":"","_jetpack_memberships_contains_paid_content":false,"footnotes":""},"categories":[17,19,1],"tags":[],"class_list":["post-2077","post","type-post","status-publish","format-standard","has-post-thumbnail","hentry","category-mujeres-empoderadas","category-noticias","category-sin-categoria"],"aioseo_notices":[],"jetpack_featured_media_url":"https:\/\/comunicadas.com.ar\/wp-content\/uploads\/2019\/01\/2823461-1.jpg","jetpack_sharing_enabled":true,"jetpack_likes_enabled":true,"_links":{"self":[{"href":"https:\/\/comunicadas.com.ar\/index.php\/wp-json\/wp\/v2\/posts\/2077"}],"collection":[{"href":"https:\/\/comunicadas.com.ar\/index.php\/wp-json\/wp\/v2\/posts"}],"about":[{"href":"https:\/\/comunicadas.com.ar\/index.php\/wp-json\/wp\/v2\/types\/post"}],"author":[{"embeddable":true,"href":"https:\/\/comunicadas.com.ar\/index.php\/wp-json\/wp\/v2\/users\/1"}],"replies":[{"embeddable":true,"href":"https:\/\/comunicadas.com.ar\/index.php\/wp-json\/wp\/v2\/comments?post=2077"}],"version-history":[{"count":0,"href":"https:\/\/comunicadas.com.ar\/index.php\/wp-json\/wp\/v2\/posts\/2077\/revisions"}],"wp:featuredmedia":[{"embeddable":true,"href":"https:\/\/comunicadas.com.ar\/index.php\/wp-json\/wp\/v2\/media\/2079"}],"wp:attachment":[{"href":"https:\/\/comunicadas.com.ar\/index.php\/wp-json\/wp\/v2\/media?parent=2077"}],"wp:term":[{"taxonomy":"category","embeddable":true,"href":"https:\/\/comunicadas.com.ar\/index.php\/wp-json\/wp\/v2\/categories?post=2077"},{"taxonomy":"post_tag","embeddable":true,"href":"https:\/\/comunicadas.com.ar\/index.php\/wp-json\/wp\/v2\/tags?post=2077"}],"curies":[{"name":"wp","href":"https:\/\/api.w.org\/{rel}","templated":true}]}}