{"id":2048,"date":"2019-01-22T13:32:43","date_gmt":"2019-01-22T16:32:43","guid":{"rendered":"http:\/\/comunicadas.com.ar\/?p=2048"},"modified":"2019-01-22T13:32:43","modified_gmt":"2019-01-22T16:32:43","slug":"solidaridad-entre-machirulos","status":"publish","type":"post","link":"https:\/\/comunicadas.com.ar\/index.php\/2019\/01\/22\/solidaridad-entre-machirulos\/","title":{"rendered":"Solidaridad entre machirulos"},"content":{"rendered":"<p style=\"text-align:justify;\">\"Entiendo que quieran expresarse, nosotros no estamos en contra de eso, de hecho MI AMIGO Dar\u00edo est\u00e1 sujeto a derecho con un proceso que viene hace muchos a\u00f1os y que va a seguir un tiempo m\u00e1s. Entonces, me parece que en el medio de un recital hacer una faena en vivo de eso... Necesito decirlo porque, aparte, me lo est\u00e1n mostrando, est\u00e1n pidiendo mi palabra\".<\/p>\n<p style=\"text-align:justify;\">Estas fueron las palabras de N\u00e9stor Ramljak, el cantante de Nonpalidece, el s\u00e1bado a la noche, despu\u00e9s de que invitara a cantar a su \"amigo\" Dar\u00edo Alturria (ex cantante de Kameleba), quien fue abucheado por varias personas del p\u00fablico. Alturria fue denunciado en 2015 por abuso sexual doblemente agravado hacia un menor.<\/p>\n<p style=\"text-align:justify;\">El recital se llev\u00f3 a cabo en Calle Angosta Rock, ubicado en Villa Mercedes, San Luis. N\u00e9stor Ramljak continu\u00f3 defendiendo al abusador: \"...Energ\u00eda renovadora,esa energ\u00eda que expulsa esas peque\u00f1as expresiones que terminan, indiscutiblemente, pareciendo una mayor\u00eda, pero no, no, son peque\u00f1as part\u00edculas encristadas, de mala onda, que el pueblo en su mayor\u00eda debe expulsar hacia la estratosfera de la atm\u00f3sfera mundial del mundo, para que dejen de existir, forever and ever\".<\/p>\n<p style=\"text-align:justify;\">Unx testigx que se encontraba en el lugar acerc\u00f3 a Comunicadas audios y videos de las palabras del cantante con su lamentable defensa, que lo convierte en un c\u00f3mplice del abuso.<\/p>\n<p style=\"text-align:justify;\">\n","protected":false},"excerpt":{"rendered":"<p>\"Entiendo que quieran expresarse, nosotros no estamos en contra de eso, de hecho MI AMIGO Dar\u00edo est\u00e1 sujeto a derecho con un proceso que viene hace muchos a\u00f1os y que va a seguir un tiempo m\u00e1s. Entonces, me parece que en el medio de un recital hacer una faena en vivo de eso... Necesito decirlo [&hellip;]<\/p>\n","protected":false},"author":1,"featured_media":2049,"comment_status":"open","ping_status":"open","sticky":false,"template":"","format":"standard","meta":{"inline_featured_image":false,"_monsterinsights_skip_tracking":false,"_monsterinsights_sitenote_active":false,"_monsterinsights_sitenote_note":"","_monsterinsights_sitenote_category":0,"lzb_camalote_bajada":"","lzb_camalote_fotogalerias_repeater":"","lzb_camalote_fotogalerias_desc":"","lzb_camalote_fotogalerias_autorxs":"%5B%5D","lzb_camalote_post_imagen_destacada":"","lzb_camalote_post_imagen_destacada_fotografx":"","lzb_camalote_post_imagen_destacada_fotografx_url":"","_jetpack_memberships_contains_paid_content":false,"footnotes":""},"categories":[19,1],"tags":[],"class_list":["post-2048","post","type-post","status-publish","format-standard","has-post-thumbnail","hentry","category-noticias","category-sin-categoria"],"aioseo_notices":[],"jetpack_featured_media_url":"https:\/\/comunicadas.com.ar\/wp-content\/uploads\/2019\/01\/machirulo-1.jpg","jetpack_sharing_enabled":true,"jetpack_likes_enabled":true,"_links":{"self":[{"href":"https:\/\/comunicadas.com.ar\/index.php\/wp-json\/wp\/v2\/posts\/2048"}],"collection":[{"href":"https:\/\/comunicadas.com.ar\/index.php\/wp-json\/wp\/v2\/posts"}],"about":[{"href":"https:\/\/comunicadas.com.ar\/index.php\/wp-json\/wp\/v2\/types\/post"}],"author":[{"embeddable":true,"href":"https:\/\/comunicadas.com.ar\/index.php\/wp-json\/wp\/v2\/users\/1"}],"replies":[{"embeddable":true,"href":"https:\/\/comunicadas.com.ar\/index.php\/wp-json\/wp\/v2\/comments?post=2048"}],"version-history":[{"count":0,"href":"https:\/\/comunicadas.com.ar\/index.php\/wp-json\/wp\/v2\/posts\/2048\/revisions"}],"wp:featuredmedia":[{"embeddable":true,"href":"https:\/\/comunicadas.com.ar\/index.php\/wp-json\/wp\/v2\/media\/2049"}],"wp:attachment":[{"href":"https:\/\/comunicadas.com.ar\/index.php\/wp-json\/wp\/v2\/media?parent=2048"}],"wp:term":[{"taxonomy":"category","embeddable":true,"href":"https:\/\/comunicadas.com.ar\/index.php\/wp-json\/wp\/v2\/categories?post=2048"},{"taxonomy":"post_tag","embeddable":true,"href":"https:\/\/comunicadas.com.ar\/index.php\/wp-json\/wp\/v2\/tags?post=2048"}],"curies":[{"name":"wp","href":"https:\/\/api.w.org\/{rel}","templated":true}]}}