{"id":1755,"date":"2018-12-20T18:44:04","date_gmt":"2018-12-20T21:44:04","guid":{"rendered":"http:\/\/comunicadas.com.ar\/?p=1755"},"modified":"2018-12-20T18:44:04","modified_gmt":"2018-12-20T21:44:04","slug":"protocolo-contra-la-violencia-de-genero-en-la-auditoria-general-de-la-ciudad","status":"publish","type":"post","link":"https:\/\/comunicadas.com.ar\/index.php\/2018\/12\/20\/protocolo-contra-la-violencia-de-genero-en-la-auditoria-general-de-la-ciudad\/","title":{"rendered":"Protocolo contra la violencia de g\u00e9nero en la Auditor\u00eda General De La Ciudad"},"content":{"rendered":"<p style=\"text-align:justify;\">La <strong>Auditor\u00eda General de la Ciudad<\/strong> aprob\u00f3 por unanimidad un protocolo para casos de abuso, discriminaci\u00f3n y acoso por motivos de g\u00e9nero u orientaci\u00f3n sexual que ocurran en la instituci\u00f3n.<\/p>\n<p style=\"text-align:justify;\">En la resoluci\u00f3n aprobada por el cuerpo colegiado se aclara que tambi\u00e9n queda comprendida la <strong>violencia de g\u00e9nero<\/strong>, adem\u00e1s del abordaje en aquellos casos donde se manifiesten los <strong>distintos tipos de violencia<\/strong>, que pueden ser f\u00edsica, psicol\u00f3gica, sexual, econ\u00f3mica y\/o simb\u00f3lica.<\/p>\n<p style=\"text-align:justify;\">A partir de lo estipulado por el Convenio Colectivo de Trabajo, <strong>la AGCBA conformar\u00e1 la comisi\u00f3n de Igualdad de Oportunidades y de Trato (CIOT)<\/strong> que tendr\u00e1 a su cargo la realizaci\u00f3n de charlas, jornadas, debates y talleres sobre la tem\u00e1tica, adem\u00e1s de la recepci\u00f3n de consultas, las cuales ser\u00e1n de estricto car\u00e1cter confidencial.<\/p>\n","protected":false},"excerpt":{"rendered":"<p>La Auditor\u00eda General de la Ciudad aprob\u00f3 por unanimidad un protocolo para casos de abuso, discriminaci\u00f3n y acoso por motivos de g\u00e9nero u orientaci\u00f3n sexual que ocurran en la instituci\u00f3n. En la resoluci\u00f3n aprobada por el cuerpo colegiado se aclara que tambi\u00e9n queda comprendida la violencia de g\u00e9nero, adem\u00e1s del abordaje en aquellos casos donde [&hellip;]<\/p>\n","protected":false},"author":1,"featured_media":1756,"comment_status":"open","ping_status":"open","sticky":false,"template":"","format":"standard","meta":{"inline_featured_image":false,"_monsterinsights_skip_tracking":false,"_monsterinsights_sitenote_active":false,"_monsterinsights_sitenote_note":"","_monsterinsights_sitenote_category":0,"lzb_camalote_bajada":"","lzb_camalote_fotogalerias_repeater":"","lzb_camalote_fotogalerias_desc":"","lzb_camalote_fotogalerias_autorxs":"%5B%5D","lzb_camalote_post_imagen_destacada":"","lzb_camalote_post_imagen_destacada_fotografx":"","lzb_camalote_post_imagen_destacada_fotografx_url":"","_jetpack_memberships_contains_paid_content":false,"footnotes":""},"categories":[2,19],"tags":[158,914],"class_list":["post-1755","post","type-post","status-publish","format-standard","has-post-thumbnail","hentry","category-niunamenos","category-noticias","tag-auditoria-general-de-la-ciudad","tag-violencia-de-genero"],"aioseo_notices":[],"jetpack_featured_media_url":"https:\/\/comunicadas.com.ar\/wp-content\/uploads\/2018\/12\/AuditoriaGeneralDeLaCABA1-1.jpg","jetpack_sharing_enabled":true,"jetpack_likes_enabled":true,"_links":{"self":[{"href":"https:\/\/comunicadas.com.ar\/index.php\/wp-json\/wp\/v2\/posts\/1755"}],"collection":[{"href":"https:\/\/comunicadas.com.ar\/index.php\/wp-json\/wp\/v2\/posts"}],"about":[{"href":"https:\/\/comunicadas.com.ar\/index.php\/wp-json\/wp\/v2\/types\/post"}],"author":[{"embeddable":true,"href":"https:\/\/comunicadas.com.ar\/index.php\/wp-json\/wp\/v2\/users\/1"}],"replies":[{"embeddable":true,"href":"https:\/\/comunicadas.com.ar\/index.php\/wp-json\/wp\/v2\/comments?post=1755"}],"version-history":[{"count":0,"href":"https:\/\/comunicadas.com.ar\/index.php\/wp-json\/wp\/v2\/posts\/1755\/revisions"}],"wp:featuredmedia":[{"embeddable":true,"href":"https:\/\/comunicadas.com.ar\/index.php\/wp-json\/wp\/v2\/media\/1756"}],"wp:attachment":[{"href":"https:\/\/comunicadas.com.ar\/index.php\/wp-json\/wp\/v2\/media?parent=1755"}],"wp:term":[{"taxonomy":"category","embeddable":true,"href":"https:\/\/comunicadas.com.ar\/index.php\/wp-json\/wp\/v2\/categories?post=1755"},{"taxonomy":"post_tag","embeddable":true,"href":"https:\/\/comunicadas.com.ar\/index.php\/wp-json\/wp\/v2\/tags?post=1755"}],"curies":[{"name":"wp","href":"https:\/\/api.w.org\/{rel}","templated":true}]}}