{"id":1702,"date":"2018-12-14T09:26:11","date_gmt":"2018-12-14T12:26:11","guid":{"rendered":"http:\/\/comunicadas.com.ar\/?p=1702"},"modified":"2018-12-14T09:26:11","modified_gmt":"2018-12-14T12:26:11","slug":"irlanda-legalizo-el-aborto","status":"publish","type":"post","link":"https:\/\/comunicadas.com.ar\/index.php\/2018\/12\/14\/irlanda-legalizo-el-aborto\/","title":{"rendered":"Irlanda legaliz\u00f3 el aborto"},"content":{"rendered":"<p style=\"text-align:justify;\"><strong>El Parlamento irland\u00e9s aprob\u00f3 este jueves el proyecto de ley que legaliza el aborto<\/strong>, siete meses despu\u00e9s del hist\u00f3rico <strong>refer\u00e9ndum<\/strong> donde la sociedad se pronunci\u00f3 contra su prohibici\u00f3n.<\/p>\n<p><img decoding=\"async\" src=\"https:\/\/www.infobae.com\/new-resizer\/DpcRnbDcdm0WwAPPmKVIeEt08Vk=\/750x0\/filters:quality(100)\/s3.amazonaws.com\/arc-wordpress-client-uploads\/infobae-wp\/wp-content\/uploads\/2018\/05\/26152908\/Referendum-aborto-Irlanda-18.jpg\" alt=\"Festejos por la victoria del \u00e2\u0080\u009cs\u00c3\u00ad\u00e2\u0080\u009d en el refer\u00c3\u00a9ndum hist\u00c3\u00b3rico que tuvo lugar en Irlanda a fines de mayo. (REUTERS)\" \/><\/p>\n<p style=\"text-align:justify;\">La ley prev\u00e9 autorizar la IVE <strong>sin condiciones hasta las 12 semanas<\/strong> o en los casos de \"riesgo para la vida\" o de \"grave peligro para la salud\" de la mujer embarazada. A partir de enero\u00a0 de 2019 se implementar\u00e1 en los centros de salud irlandeses.<\/p>\n<p><img decoding=\"async\" src=\"https:\/\/c2.thejournal.ie\/media\/2017\/10\/ireland-abortion-laws-8-390x285.jpg\" alt=\"Resultado de imagen para ireland abortion\" \/><\/p>\n<p style=\"text-align:justify;\">El 25 de mayo, el 66% de los irlandeses votaron por refer\u00e9ndum por la legalizaci\u00f3n del aborto,\u00a0 tres a\u00f1os despu\u00e9s de la legalizaci\u00f3n del matrimonio igualitario.<\/p>\n","protected":false},"excerpt":{"rendered":"<p>El Parlamento irland\u00e9s aprob\u00f3 este jueves el proyecto de ley que legaliza el aborto, siete meses despu\u00e9s del hist\u00f3rico refer\u00e9ndum donde la sociedad se pronunci\u00f3 contra su prohibici\u00f3n. La ley prev\u00e9 autorizar la IVE sin condiciones hasta las 12 semanas o en los casos de \"riesgo para la vida\" o de \"grave peligro para la [&hellip;]<\/p>\n","protected":false},"author":1,"featured_media":1703,"comment_status":"open","ping_status":"open","sticky":false,"template":"","format":"standard","meta":{"inline_featured_image":false,"_monsterinsights_skip_tracking":false,"lzb_camalote_bajada":"","lzb_camalote_fotogalerias_repeater":"","lzb_camalote_fotogalerias_desc":"","lzb_camalote_fotogalerias_autorxs":"%5B%5D","lzb_camalote_post_imagen_destacada":"","lzb_camalote_post_imagen_destacada_fotografx":"","lzb_camalote_post_imagen_destacada_fotografx_url":"","_jetpack_memberships_contains_paid_content":false,"footnotes":""},"categories":[3,11,19],"tags":[463,465],"class_list":["post-1702","post","type-post","status-publish","format-standard","has-post-thumbnail","hentry","category-aborto-legal-ya","category-internacionales","category-noticias","tag-irlanda","tag-ive"],"aioseo_notices":[],"aioseo_head":"\n\t\t<!-- All in One SEO 5.0.1.1 - aioseo.com -->\n\t<meta name=\"description\" content=\"El Parlamento irland\u00e9s aprob\u00f3 este jueves el proyecto de ley que legaliza el aborto, siete meses despu\u00e9s del hist\u00f3rico refer\u00e9ndum donde la sociedad se pronunci\u00f3 contra su prohibici\u00f3n. La ley prev\u00e9 autorizar la IVE sin condiciones hasta las 12 semanas o en los casos de &quot;riesgo para la vida&quot; o de &quot;grave peligro para la\" \/>\n\t<meta name=\"robots\" content=\"max-image-preview:large\" \/>\n\t<meta name=\"author\" content=\"comunicadasorg\"\/>\n\t<link rel=\"canonical\" href=\"https:\/\/comunicadas.com.ar\/index.php\/2018\/12\/14\/irlanda-legalizo-el-aborto\/\" \/>\n\t<meta name=\"generator\" content=\"All in One SEO (AIOSEO) 5.0.1.1\" \/>\n\t\t<meta property=\"og:locale\" content=\"es_ES\" \/>\n\t\t<meta property=\"og:site_name\" content=\"Comunicadas \u2022\" \/>\n\t\t<meta property=\"og:type\" content=\"article\" \/>\n\t\t<meta property=\"og:title\" content=\"Irlanda legaliz\u00f3 el aborto \u2022 Comunicadas\" \/>\n\t\t<meta property=\"og:description\" content=\"El Parlamento irland\u00e9s aprob\u00f3 este jueves el proyecto de ley que legaliza el aborto, siete meses despu\u00e9s del hist\u00f3rico refer\u00e9ndum donde la sociedad se pronunci\u00f3 contra su prohibici\u00f3n. La ley prev\u00e9 autorizar la IVE sin condiciones hasta las 12 semanas o en los casos de &quot;riesgo para la vida&quot; o de &quot;grave peligro para la\" \/>\n\t\t<meta property=\"og:url\" content=\"https:\/\/comunicadas.com.ar\/index.php\/2018\/12\/14\/irlanda-legalizo-el-aborto\/\" \/>\n\t\t<meta property=\"article:published_time\" content=\"2018-12-14T12:26:11+00:00\" \/>\n\t\t<meta property=\"article:modified_time\" content=\"2018-12-14T12:26:11+00:00\" \/>\n\t\t<meta name=\"twitter:card\" content=\"summary\" \/>\n\t\t<meta name=\"twitter:title\" content=\"Irlanda legaliz\u00f3 el aborto \u2022 Comunicadas\" \/>\n\t\t<meta name=\"twitter:description\" content=\"El Parlamento irland\u00e9s aprob\u00f3 este jueves el proyecto de ley que legaliza el aborto, siete meses despu\u00e9s del hist\u00f3rico refer\u00e9ndum donde la sociedad se pronunci\u00f3 contra su prohibici\u00f3n. La ley prev\u00e9 autorizar la IVE sin condiciones hasta las 12 semanas o en los casos de &quot;riesgo para la vida&quot; o de &quot;grave peligro para la\" \/>\n\t\t<script type=\"application\/ld+json\" class=\"aioseo-schema\">\n\t\t\t{\"@context\":\"https:\\\/\\\/schema.org\",\"@graph\":[{\"@type\":\"BlogPosting\",\"@id\":\"https:\\\/\\\/comunicadas.com.ar\\\/index.php\\\/2018\\\/12\\\/14\\\/irlanda-legalizo-el-aborto\\\/#blogposting\",\"name\":\"Irlanda legaliz\\u00f3 el aborto \\u2022 Comunicadas\",\"headline\":\"Irlanda legaliz\\u00f3 el aborto\",\"author\":{\"@id\":\"https:\\\/\\\/comunicadas.com.ar\\\/index.php\\\/author\\\/comunicadasorg\\\/#author\"},\"publisher\":{\"@id\":\"https:\\\/\\\/comunicadas.com.ar\\\/#organization\"},\"image\":{\"@type\":\"ImageObject\",\"url\":1703},\"datePublished\":\"2018-12-14T09:26:11+00:00\",\"dateModified\":\"2018-12-14T09:26:11+00:00\",\"inLanguage\":\"es-ES\",\"mainEntityOfPage\":{\"@id\":\"https:\\\/\\\/comunicadas.com.ar\\\/index.php\\\/2018\\\/12\\\/14\\\/irlanda-legalizo-el-aborto\\\/#webpage\"},\"isPartOf\":{\"@id\":\"https:\\\/\\\/comunicadas.com.ar\\\/index.php\\\/2018\\\/12\\\/14\\\/irlanda-legalizo-el-aborto\\\/#webpage\"},\"articleSection\":\"Aborto Legal Ya, Internacionales, Noticias, Irlanda, IVE\"},{\"@type\":\"BreadcrumbList\",\"@id\":\"https:\\\/\\\/comunicadas.com.ar\\\/index.php\\\/2018\\\/12\\\/14\\\/irlanda-legalizo-el-aborto\\\/#breadcrumblist\",\"itemListElement\":[{\"@type\":\"ListItem\",\"@id\":\"https:\\\/\\\/comunicadas.com.ar#listItem\",\"position\":1,\"name\":\"Inicio\",\"item\":\"https:\\\/\\\/comunicadas.com.ar\",\"nextItem\":{\"@type\":\"ListItem\",\"@id\":\"https:\\\/\\\/comunicadas.com.ar\\\/index.php\\\/category\\\/aborto-legal-ya\\\/#listItem\",\"name\":\"Aborto Legal Ya\"}},{\"@type\":\"ListItem\",\"@id\":\"https:\\\/\\\/comunicadas.com.ar\\\/index.php\\\/category\\\/aborto-legal-ya\\\/#listItem\",\"position\":2,\"name\":\"Aborto Legal Ya\",\"item\":\"https:\\\/\\\/comunicadas.com.ar\\\/index.php\\\/category\\\/aborto-legal-ya\\\/\",\"nextItem\":{\"@type\":\"ListItem\",\"@id\":\"https:\\\/\\\/comunicadas.com.ar\\\/index.php\\\/2018\\\/12\\\/14\\\/irlanda-legalizo-el-aborto\\\/#listItem\",\"name\":\"Irlanda legaliz\\u00f3 el aborto\"},\"previousItem\":{\"@type\":\"ListItem\",\"@id\":\"https:\\\/\\\/comunicadas.com.ar#listItem\",\"name\":\"Inicio\"}},{\"@type\":\"ListItem\",\"@id\":\"https:\\\/\\\/comunicadas.com.ar\\\/index.php\\\/2018\\\/12\\\/14\\\/irlanda-legalizo-el-aborto\\\/#listItem\",\"position\":3,\"name\":\"Irlanda legaliz\\u00f3 el aborto\",\"previousItem\":{\"@type\":\"ListItem\",\"@id\":\"https:\\\/\\\/comunicadas.com.ar\\\/index.php\\\/category\\\/aborto-legal-ya\\\/#listItem\",\"name\":\"Aborto Legal Ya\"}}]},{\"@type\":\"Organization\",\"@id\":\"https:\\\/\\\/comunicadas.com.ar\\\/#organization\",\"name\":\"Comunicadas\",\"url\":\"https:\\\/\\\/comunicadas.com.ar\\\/\",\"logo\":{\"@type\":\"ImageObject\",\"url\":\"http:\\\/\\\/comunicadas.org\\\/wp-content\\\/uploads\\\/2021\\\/06\\\/cropped-whatsapp-image-2020-09-04-at-13.43.53.jpeg\",\"@id\":\"https:\\\/\\\/comunicadas.com.ar\\\/index.php\\\/2018\\\/12\\\/14\\\/irlanda-legalizo-el-aborto\\\/#organizationLogo\"},\"image\":{\"@id\":\"https:\\\/\\\/comunicadas.com.ar\\\/index.php\\\/2018\\\/12\\\/14\\\/irlanda-legalizo-el-aborto\\\/#organizationLogo\"}},{\"@type\":\"Person\",\"@id\":\"https:\\\/\\\/comunicadas.com.ar\\\/index.php\\\/author\\\/comunicadasorg\\\/#author\",\"url\":\"https:\\\/\\\/comunicadas.com.ar\\\/index.php\\\/author\\\/comunicadasorg\\\/\",\"name\":\"comunicadasorg\",\"image\":{\"@type\":\"ImageObject\",\"@id\":\"https:\\\/\\\/comunicadas.com.ar\\\/index.php\\\/2018\\\/12\\\/14\\\/irlanda-legalizo-el-aborto\\\/#authorImage\",\"url\":\"https:\\\/\\\/secure.gravatar.com\\\/avatar\\\/9cb3ab39dff0567ff79b088929c05c64?s=96&d=mm&r=g\",\"width\":96,\"height\":96,\"caption\":\"comunicadasorg\"}},{\"@type\":\"WebPage\",\"@id\":\"https:\\\/\\\/comunicadas.com.ar\\\/index.php\\\/2018\\\/12\\\/14\\\/irlanda-legalizo-el-aborto\\\/#webpage\",\"url\":\"https:\\\/\\\/comunicadas.com.ar\\\/index.php\\\/2018\\\/12\\\/14\\\/irlanda-legalizo-el-aborto\\\/\",\"name\":\"Irlanda legaliz\\u00f3 el aborto \\u2022 Comunicadas\",\"description\":\"El Parlamento irland\\u00e9s aprob\\u00f3 este jueves el proyecto de ley que legaliza el aborto, siete meses despu\\u00e9s del hist\\u00f3rico refer\\u00e9ndum donde la sociedad se pronunci\\u00f3 contra su prohibici\\u00f3n. La ley prev\\u00e9 autorizar la IVE sin condiciones hasta las 12 semanas o en los casos de \\\"riesgo para la vida\\\" o de \\\"grave peligro para la\",\"inLanguage\":\"es-ES\",\"isPartOf\":{\"@id\":\"https:\\\/\\\/comunicadas.com.ar\\\/#website\"},\"breadcrumb\":{\"@id\":\"https:\\\/\\\/comunicadas.com.ar\\\/index.php\\\/2018\\\/12\\\/14\\\/irlanda-legalizo-el-aborto\\\/#breadcrumblist\"},\"author\":{\"@id\":\"https:\\\/\\\/comunicadas.com.ar\\\/index.php\\\/author\\\/comunicadasorg\\\/#author\"},\"creator\":{\"@id\":\"https:\\\/\\\/comunicadas.com.ar\\\/index.php\\\/author\\\/comunicadasorg\\\/#author\"},\"image\":{\"@type\":\"ImageObject\",\"url\":1703,\"@id\":\"https:\\\/\\\/comunicadas.com.ar\\\/index.php\\\/2018\\\/12\\\/14\\\/irlanda-legalizo-el-aborto\\\/#mainImage\"},\"primaryImageOfPage\":{\"@id\":\"https:\\\/\\\/comunicadas.com.ar\\\/index.php\\\/2018\\\/12\\\/14\\\/irlanda-legalizo-el-aborto\\\/#mainImage\"},\"datePublished\":\"2018-12-14T09:26:11+00:00\",\"dateModified\":\"2018-12-14T09:26:11+00:00\"},{\"@type\":\"WebSite\",\"@id\":\"https:\\\/\\\/comunicadas.com.ar\\\/#website\",\"url\":\"https:\\\/\\\/comunicadas.com.ar\\\/\",\"name\":\"Comunicadas\",\"inLanguage\":\"es-ES\",\"publisher\":{\"@id\":\"https:\\\/\\\/comunicadas.com.ar\\\/#organization\"}}]}\n\t\t<\/script>\n\t\t<!-- All in One SEO -->\n\n","aioseo_head_json":{"title":"Irlanda legaliz\u00f3 el aborto \u2022 Comunicadas","description":"El Parlamento irland\u00e9s aprob\u00f3 este jueves el proyecto de ley que legaliza el aborto, siete meses despu\u00e9s del hist\u00f3rico refer\u00e9ndum donde la sociedad se pronunci\u00f3 contra su prohibici\u00f3n. La ley prev\u00e9 autorizar la IVE sin condiciones hasta las 12 semanas o en los casos de \"riesgo para la vida\" o de \"grave peligro para la","canonical_url":"https:\/\/comunicadas.com.ar\/index.php\/2018\/12\/14\/irlanda-legalizo-el-aborto\/","robots":"max-image-preview:large","keywords":"","webmasterTools":{"miscellaneous":""},"schema":{"@context":"https:\/\/schema.org","@graph":[{"@type":"BlogPosting","@id":"https:\/\/comunicadas.com.ar\/index.php\/2018\/12\/14\/irlanda-legalizo-el-aborto\/#blogposting","name":"Irlanda legaliz\u00f3 el aborto \u2022 Comunicadas","headline":"Irlanda legaliz\u00f3 el aborto","author":{"@id":"https:\/\/comunicadas.com.ar\/index.php\/author\/comunicadasorg\/#author"},"publisher":{"@id":"https:\/\/comunicadas.com.ar\/#organization"},"image":{"@type":"ImageObject","url":1703},"datePublished":"2018-12-14T09:26:11+00:00","dateModified":"2018-12-14T09:26:11+00:00","inLanguage":"es-ES","mainEntityOfPage":{"@id":"https:\/\/comunicadas.com.ar\/index.php\/2018\/12\/14\/irlanda-legalizo-el-aborto\/#webpage"},"isPartOf":{"@id":"https:\/\/comunicadas.com.ar\/index.php\/2018\/12\/14\/irlanda-legalizo-el-aborto\/#webpage"},"articleSection":"Aborto Legal Ya, Internacionales, Noticias, Irlanda, IVE"},{"@type":"BreadcrumbList","@id":"https:\/\/comunicadas.com.ar\/index.php\/2018\/12\/14\/irlanda-legalizo-el-aborto\/#breadcrumblist","itemListElement":[{"@type":"ListItem","@id":"https:\/\/comunicadas.com.ar#listItem","position":1,"name":"Inicio","item":"https:\/\/comunicadas.com.ar","nextItem":{"@type":"ListItem","@id":"https:\/\/comunicadas.com.ar\/index.php\/category\/aborto-legal-ya\/#listItem","name":"Aborto Legal Ya"}},{"@type":"ListItem","@id":"https:\/\/comunicadas.com.ar\/index.php\/category\/aborto-legal-ya\/#listItem","position":2,"name":"Aborto Legal Ya","item":"https:\/\/comunicadas.com.ar\/index.php\/category\/aborto-legal-ya\/","nextItem":{"@type":"ListItem","@id":"https:\/\/comunicadas.com.ar\/index.php\/2018\/12\/14\/irlanda-legalizo-el-aborto\/#listItem","name":"Irlanda legaliz\u00f3 el aborto"},"previousItem":{"@type":"ListItem","@id":"https:\/\/comunicadas.com.ar#listItem","name":"Inicio"}},{"@type":"ListItem","@id":"https:\/\/comunicadas.com.ar\/index.php\/2018\/12\/14\/irlanda-legalizo-el-aborto\/#listItem","position":3,"name":"Irlanda legaliz\u00f3 el aborto","previousItem":{"@type":"ListItem","@id":"https:\/\/comunicadas.com.ar\/index.php\/category\/aborto-legal-ya\/#listItem","name":"Aborto Legal Ya"}}]},{"@type":"Organization","@id":"https:\/\/comunicadas.com.ar\/#organization","name":"Comunicadas","url":"https:\/\/comunicadas.com.ar\/","logo":{"@type":"ImageObject","url":"http:\/\/comunicadas.org\/wp-content\/uploads\/2021\/06\/cropped-whatsapp-image-2020-09-04-at-13.43.53.jpeg","@id":"https:\/\/comunicadas.com.ar\/index.php\/2018\/12\/14\/irlanda-legalizo-el-aborto\/#organizationLogo"},"image":{"@id":"https:\/\/comunicadas.com.ar\/index.php\/2018\/12\/14\/irlanda-legalizo-el-aborto\/#organizationLogo"}},{"@type":"Person","@id":"https:\/\/comunicadas.com.ar\/index.php\/author\/comunicadasorg\/#author","url":"https:\/\/comunicadas.com.ar\/index.php\/author\/comunicadasorg\/","name":"comunicadasorg","image":{"@type":"ImageObject","@id":"https:\/\/comunicadas.com.ar\/index.php\/2018\/12\/14\/irlanda-legalizo-el-aborto\/#authorImage","url":"https:\/\/secure.gravatar.com\/avatar\/9cb3ab39dff0567ff79b088929c05c64?s=96&d=mm&r=g","width":96,"height":96,"caption":"comunicadasorg"}},{"@type":"WebPage","@id":"https:\/\/comunicadas.com.ar\/index.php\/2018\/12\/14\/irlanda-legalizo-el-aborto\/#webpage","url":"https:\/\/comunicadas.com.ar\/index.php\/2018\/12\/14\/irlanda-legalizo-el-aborto\/","name":"Irlanda legaliz\u00f3 el aborto \u2022 Comunicadas","description":"El Parlamento irland\u00e9s aprob\u00f3 este jueves el proyecto de ley que legaliza el aborto, siete meses despu\u00e9s del hist\u00f3rico refer\u00e9ndum donde la sociedad se pronunci\u00f3 contra su prohibici\u00f3n. La ley prev\u00e9 autorizar la IVE sin condiciones hasta las 12 semanas o en los casos de \"riesgo para la vida\" o de \"grave peligro para la","inLanguage":"es-ES","isPartOf":{"@id":"https:\/\/comunicadas.com.ar\/#website"},"breadcrumb":{"@id":"https:\/\/comunicadas.com.ar\/index.php\/2018\/12\/14\/irlanda-legalizo-el-aborto\/#breadcrumblist"},"author":{"@id":"https:\/\/comunicadas.com.ar\/index.php\/author\/comunicadasorg\/#author"},"creator":{"@id":"https:\/\/comunicadas.com.ar\/index.php\/author\/comunicadasorg\/#author"},"image":{"@type":"ImageObject","url":1703,"@id":"https:\/\/comunicadas.com.ar\/index.php\/2018\/12\/14\/irlanda-legalizo-el-aborto\/#mainImage"},"primaryImageOfPage":{"@id":"https:\/\/comunicadas.com.ar\/index.php\/2018\/12\/14\/irlanda-legalizo-el-aborto\/#mainImage"},"datePublished":"2018-12-14T09:26:11+00:00","dateModified":"2018-12-14T09:26:11+00:00"},{"@type":"WebSite","@id":"https:\/\/comunicadas.com.ar\/#website","url":"https:\/\/comunicadas.com.ar\/","name":"Comunicadas","inLanguage":"es-ES","publisher":{"@id":"https:\/\/comunicadas.com.ar\/#organization"}}]},"og:locale":"es_ES","og:site_name":"Comunicadas \u2022","og:type":"article","og:title":"Irlanda legaliz\u00f3 el aborto \u2022 Comunicadas","og:description":"El Parlamento irland\u00e9s aprob\u00f3 este jueves el proyecto de ley que legaliza el aborto, siete meses despu\u00e9s del hist\u00f3rico refer\u00e9ndum donde la sociedad se pronunci\u00f3 contra su prohibici\u00f3n. La ley prev\u00e9 autorizar la IVE sin condiciones hasta las 12 semanas o en los casos de &quot;riesgo para la vida&quot; o de &quot;grave peligro para la","og:url":"https:\/\/comunicadas.com.ar\/index.php\/2018\/12\/14\/irlanda-legalizo-el-aborto\/","article:published_time":"2018-12-14T12:26:11+00:00","article:modified_time":"2018-12-14T12:26:11+00:00","twitter:card":"summary","twitter:title":"Irlanda legaliz\u00f3 el aborto \u2022 Comunicadas","twitter:description":"El Parlamento irland\u00e9s aprob\u00f3 este jueves el proyecto de ley que legaliza el aborto, siete meses despu\u00e9s del hist\u00f3rico refer\u00e9ndum donde la sociedad se pronunci\u00f3 contra su prohibici\u00f3n. La ley prev\u00e9 autorizar la IVE sin condiciones hasta las 12 semanas o en los casos de &quot;riesgo para la vida&quot; o de &quot;grave peligro para la"},"aioseo_meta_data":{"post_id":"1702","title":null,"description":null,"keywords":null,"keyphrases":null,"primary_term":null,"canonical_url":null,"og_title":null,"og_description":null,"og_object_type":"default","og_image_type":"default","og_image_url":null,"og_image_width":null,"og_image_height":null,"og_image_custom_url":null,"og_image_custom_fields":null,"og_video":null,"og_custom_url":null,"og_article_section":null,"og_article_tags":null,"twitter_use_og":false,"twitter_card":"default","twitter_image_type":"default","twitter_image_url":null,"twitter_image_custom_url":null,"twitter_image_custom_fields":null,"twitter_title":null,"twitter_description":null,"schema":{"blockGraphs":[],"customGraphs":[],"default":{"data":{"Article":[],"Course":[],"Dataset":[],"FAQPage":[],"Movie":[],"Person":[],"Product":[],"ProductReview":[],"Car":[],"Recipe":[],"Service":[],"SoftwareApplication":[],"WebPage":[]},"graphName":"BlogPosting","isEnabled":true},"graphs":[]},"schema_type":null,"schema_type_options":null,"pillar_content":false,"robots_default":true,"robots_noindex":false,"robots_noarchive":false,"robots_nosnippet":false,"robots_nofollow":false,"robots_noimageindex":false,"robots_noodp":false,"robots_notranslate":false,"robots_max_snippet":null,"robots_max_videopreview":null,"robots_max_imagepreview":"large","priority":null,"frequency":null,"local_seo":null,"breadcrumb_settings":null,"limit_modified_date":false,"ai":null,"created":"2021-06-24 20:56:48","updated":"2025-06-11 17:52:13","seo_analyzer_scan_date":null,"focus_keyword":null,"additional_keywords":null,"truseo_locale":null},"jetpack_featured_media_url":"","jetpack_sharing_enabled":true,"jetpack_likes_enabled":true,"_links":{"self":[{"href":"https:\/\/comunicadas.com.ar\/index.php\/wp-json\/wp\/v2\/posts\/1702"}],"collection":[{"href":"https:\/\/comunicadas.com.ar\/index.php\/wp-json\/wp\/v2\/posts"}],"about":[{"href":"https:\/\/comunicadas.com.ar\/index.php\/wp-json\/wp\/v2\/types\/post"}],"author":[{"embeddable":true,"href":"https:\/\/comunicadas.com.ar\/index.php\/wp-json\/wp\/v2\/users\/1"}],"replies":[{"embeddable":true,"href":"https:\/\/comunicadas.com.ar\/index.php\/wp-json\/wp\/v2\/comments?post=1702"}],"version-history":[{"count":0,"href":"https:\/\/comunicadas.com.ar\/index.php\/wp-json\/wp\/v2\/posts\/1702\/revisions"}],"wp:featuredmedia":[{"embeddable":true,"href":"https:\/\/comunicadas.com.ar\/index.php\/wp-json\/"}],"wp:attachment":[{"href":"https:\/\/comunicadas.com.ar\/index.php\/wp-json\/wp\/v2\/media?parent=1702"}],"wp:term":[{"taxonomy":"category","embeddable":true,"href":"https:\/\/comunicadas.com.ar\/index.php\/wp-json\/wp\/v2\/categories?post=1702"},{"taxonomy":"post_tag","embeddable":true,"href":"https:\/\/comunicadas.com.ar\/index.php\/wp-json\/wp\/v2\/tags?post=1702"}],"curies":[{"name":"wp","href":"https:\/\/api.w.org\/{rel}","templated":true}]}}